{"id":18522,"date":"2025-10-08T23:21:19","date_gmt":"2025-10-08T23:21:19","guid":{"rendered":"https:\/\/ladepeche.mr\/?p=18522"},"modified":"2025-10-08T23:21:19","modified_gmt":"2025-10-08T23:21:19","slug":"mauritanie-arabie-saoudite-un-forum-dinvestissement-scelle-un-partenariat-strategique","status":"publish","type":"post","link":"https:\/\/ladepeche.mr\/?p=18522","title":{"rendered":"Mauritanie-Arabie saoudite : un forum d\u2019investissement scelle un partenariat strat\u00e9gique"},"content":{"rendered":"<p>La capitale mauritanienne a accueilli mercredi un forum \u00e9conomique de haut niveau entre la Mauritanie et l\u2019Arabie saoudite, marquant une \u00e9tape majeure vers un partenariat strat\u00e9gique entre les deux pays. L\u2019\u00e9v\u00e9nement, organis\u00e9 par le minist\u00e8re des Affaires \u00e9conomiques et du D\u00e9veloppement et l\u2019Agence de Promotion des Investissements, a r\u00e9uni des responsables publics et des investisseurs des deux nations.<\/p>\n<p>Pr\u00e9sid\u00e9e par le ministre mauritanien des Affaires \u00e9conomiques, Dr Abdallah Ould Souleymane Ould Cheikh Sidia, la rencontre a vu la participation du ministre saoudien de l\u2019Investissement, Dr Khaled Ben Abdelaziz Al-Faleh, \u00e0 la t\u00eate d\u2019une importante d\u00e9l\u00e9gation d\u2019hommes d\u2019affaires.<\/p>\n<p>Au-del\u00e0 des enjeux \u00e9conomiques, le forum a soulign\u00e9 la volont\u00e9 commune d\u2019approfondir les liens historiques et culturels entre Nouakchott et Riyad. Plusieurs secteurs strat\u00e9giques ont \u00e9t\u00e9 identifi\u00e9s comme porteurs, notamment les mines, les \u00e9nergies renouvelables, l\u2019agriculture, la p\u00eache et le num\u00e9rique.<\/p>\n<p>Un m\u00e9morandum d\u2019entente a \u00e9t\u00e9 sign\u00e9 entre les Conseils d\u2019affaires des deux pays, posant les jalons d\u2019une coop\u00e9ration \u00e9conomique durable. La visite officielle du ministre saoudien s\u2019est conclue par une audience avec le pr\u00e9sident Mohamed Ould Cheikh El Ghazouani et des rencontres avec des membres du gouvernement mauritanien.<br \/>\n(avec m\u00e9dias)<\/p>\n","protected":false},"excerpt":{"rendered":"<p>La capitale mauritanienne a accueilli mercredi un forum \u00e9conomique de haut niveau entre la Mauritanie et l\u2019Arabie saoudite, marquant une \u00e9tape majeure vers un partenariat strat\u00e9gique entre les deux pays. L\u2019\u00e9v\u00e9nement, organis\u00e9 par le minist\u00e8re des Affaires \u00e9conomiques et du D\u00e9veloppement et l\u2019Agence de Promotion des Investissements, a r\u00e9uni des responsables publics et des investisseurs &hellip;<\/p>\n","protected":false},"author":2,"featured_media":18523,"comment_status":"open","ping_status":"open","sticky":false,"template":"","format":"standard","meta":{"footnotes":""},"categories":[18,2],"tags":[],"class_list":["post-18522","post","type-post","status-publish","format-standard","has-post-thumbnail","hentry","category-actualites","category-economie"],"_links":{"self":[{"href":"https:\/\/ladepeche.mr\/index.php?rest_route=\/wp\/v2\/posts\/18522","targetHints":{"allow":["GET"]}}],"collection":[{"href":"https:\/\/ladepeche.mr\/index.php?rest_route=\/wp\/v2\/posts"}],"about":[{"href":"https:\/\/ladepeche.mr\/index.php?rest_route=\/wp\/v2\/types\/post"}],"author":[{"embeddable":true,"href":"https:\/\/ladepeche.mr\/index.php?rest_route=\/wp\/v2\/users\/2"}],"replies":[{"embeddable":true,"href":"https:\/\/ladepeche.mr\/index.php?rest_route=%2Fwp%2Fv2%2Fcomments&post=18522"}],"version-history":[{"count":1,"href":"https:\/\/ladepeche.mr\/index.php?rest_route=\/wp\/v2\/posts\/18522\/revisions"}],"predecessor-version":[{"id":18524,"href":"https:\/\/ladepeche.mr\/index.php?rest_route=\/wp\/v2\/posts\/18522\/revisions\/18524"}],"wp:featuredmedia":[{"embeddable":true,"href":"https:\/\/ladepeche.mr\/index.php?rest_route=\/wp\/v2\/media\/18523"}],"wp:attachment":[{"href":"https:\/\/ladepeche.mr\/index.php?rest_route=%2Fwp%2Fv2%2Fmedia&parent=18522"}],"wp:term":[{"taxonomy":"category","embeddable":true,"href":"https:\/\/ladepeche.mr\/index.php?rest_route=%2Fwp%2Fv2%2Fcategories&post=18522"},{"taxonomy":"post_tag","embeddable":true,"href":"https:\/\/ladepeche.mr\/index.php?rest_route=%2Fwp%2Fv2%2Ftags&post=18522"}],"curies":[{"name":"wp","href":"https:\/\/api.w.org\/{rel}","templated":true}]}}