{"id":18525,"date":"2025-10-08T23:25:26","date_gmt":"2025-10-08T23:25:26","guid":{"rendered":"https:\/\/ladepeche.mr\/?p=18525"},"modified":"2025-10-08T23:25:26","modified_gmt":"2025-10-08T23:25:26","slug":"transparence-le-rapport-de-la-cour-des-comptes-entre-les-mains-du-president","status":"publish","type":"post","link":"https:\/\/ladepeche.mr\/?p=18525","title":{"rendered":"Transparence: Le rapport de la cour des comptes entre les mains du pr\u00e9sident"},"content":{"rendered":"<p>Le Pr\u00e9sident de la R\u00e9publique, M. Mohamed Ould Cheikh El Ghazouani, a re\u00e7u mercredi matin au palais pr\u00e9sidentiel le rapport annuel g\u00e9n\u00e9ral de la Cour des comptes pour les ann\u00e9es 2022 et 2023, remis par son pr\u00e9sident, M. Hamid Ould Ahmed Taleb.<\/p>\n<p>Ce rapport, \u00e9labor\u00e9 conform\u00e9ment \u00e0 la loi organique n\u00b0018-2018, refl\u00e8te la volont\u00e9 du chef de l\u2019\u00c9tat de renforcer la transparence, la bonne gouvernance et le contr\u00f4le de la gestion des finances publiques. Il contient les principales observations issues des missions de contr\u00f4le, les r\u00e9ponses des ministres concern\u00e9s, ainsi qu\u2019une \u00e9valuation des politiques publiques men\u00e9es.<\/p>\n<p>Pour la premi\u00e8re fois, la Cour publie son rapport dans les d\u00e9lais, traduisant son engagement \u00e0 assurer la r\u00e9gularit\u00e9 de ses travaux et \u00e0 moderniser ses m\u00e9thodes. Le pr\u00e9sident de la Cour a \u00e9galement pr\u00e9sent\u00e9 les r\u00e9formes r\u00e9centes, incluant l\u2019exercice effectif des comp\u00e9tences judiciaires, la mise en place d\u2019un centre de formation interne, le recrutement de nouveaux juges et l\u2019\u00e9laboration d\u2019un manuel de contr\u00f4le conforme aux standards internationaux.<\/p>\n<p>Par ailleurs, la Cour a renforc\u00e9 sa coop\u00e9ration avec des institutions homologues et engag\u00e9 des actions pour la modernisation et la num\u00e9risation de ses services.<\/p>\n","protected":false},"excerpt":{"rendered":"<p>Le Pr\u00e9sident de la R\u00e9publique, M. Mohamed Ould Cheikh El Ghazouani, a re\u00e7u mercredi matin au palais pr\u00e9sidentiel le rapport annuel g\u00e9n\u00e9ral de la Cour des comptes pour les ann\u00e9es 2022 et 2023, remis par son pr\u00e9sident, M. Hamid Ould Ahmed Taleb. Ce rapport, \u00e9labor\u00e9 conform\u00e9ment \u00e0 la loi organique n\u00b0018-2018, refl\u00e8te la volont\u00e9 du &hellip;<\/p>\n","protected":false},"author":2,"featured_media":18526,"comment_status":"open","ping_status":"open","sticky":false,"template":"","format":"standard","meta":{"footnotes":""},"categories":[18,2],"tags":[],"class_list":["post-18525","post","type-post","status-publish","format-standard","has-post-thumbnail","hentry","category-actualites","category-economie"],"_links":{"self":[{"href":"https:\/\/ladepeche.mr\/index.php?rest_route=\/wp\/v2\/posts\/18525","targetHints":{"allow":["GET"]}}],"collection":[{"href":"https:\/\/ladepeche.mr\/index.php?rest_route=\/wp\/v2\/posts"}],"about":[{"href":"https:\/\/ladepeche.mr\/index.php?rest_route=\/wp\/v2\/types\/post"}],"author":[{"embeddable":true,"href":"https:\/\/ladepeche.mr\/index.php?rest_route=\/wp\/v2\/users\/2"}],"replies":[{"embeddable":true,"href":"https:\/\/ladepeche.mr\/index.php?rest_route=%2Fwp%2Fv2%2Fcomments&post=18525"}],"version-history":[{"count":1,"href":"https:\/\/ladepeche.mr\/index.php?rest_route=\/wp\/v2\/posts\/18525\/revisions"}],"predecessor-version":[{"id":18527,"href":"https:\/\/ladepeche.mr\/index.php?rest_route=\/wp\/v2\/posts\/18525\/revisions\/18527"}],"wp:featuredmedia":[{"embeddable":true,"href":"https:\/\/ladepeche.mr\/index.php?rest_route=\/wp\/v2\/media\/18526"}],"wp:attachment":[{"href":"https:\/\/ladepeche.mr\/index.php?rest_route=%2Fwp%2Fv2%2Fmedia&parent=18525"}],"wp:term":[{"taxonomy":"category","embeddable":true,"href":"https:\/\/ladepeche.mr\/index.php?rest_route=%2Fwp%2Fv2%2Fcategories&post=18525"},{"taxonomy":"post_tag","embeddable":true,"href":"https:\/\/ladepeche.mr\/index.php?rest_route=%2Fwp%2Fv2%2Ftags&post=18525"}],"curies":[{"name":"wp","href":"https:\/\/api.w.org\/{rel}","templated":true}]}}