{"id":18541,"date":"2025-10-08T23:49:14","date_gmt":"2025-10-08T23:49:14","guid":{"rendered":"https:\/\/ladepeche.mr\/?p=18541"},"modified":"2025-10-08T23:49:47","modified_gmt":"2025-10-08T23:49:47","slug":"18541","status":"publish","type":"post","link":"https:\/\/ladepeche.mr\/?p=18541","title":{"rendered":"Les d\u00e9put\u00e9s espagnols approuvent un embargo sur les armes de et vers Isra\u00ebl"},"content":{"rendered":"<p>Les d\u00e9put\u00e9s espagnols ont approuv\u00e9 mercredi un d\u00e9cret-loi \u00e9tablissant un embargo sur les armes en provenance et \u00e0 destination d\u2019Isra\u00ebl, une mesure d\u00e9fendue par le Premier ministre socialiste Pedro S\u00e1nchez pour \u00ab arr\u00eater le g\u00e9nocide \u00bb \u00e0 Gaza.<\/p>\n<p>Le texte a \u00e9t\u00e9 adopt\u00e9 par 178 contre 169, le gouvernement minoritaire de S\u00e1nchez ayant finalement re\u00e7u le soutien des quatre \u00e9lus du parti d\u2019extr\u00eame gauche Podemos, qui avaient laiss\u00e9 planer le doute sur leur vote jusqu\u2019\u00e0 mercredi matin.<\/p>\n<p>\u00ab Ce gouvernement a propos\u00e9 un embargo visant le gouvernement de Netanyahu pour arr\u00eater le g\u00e9nocide \u00e0 Gaza, et vous allez voter contre \u00bb, a lanc\u00e9 mercredi matin lors d\u2019une session de contr\u00f4le au Parlement Pedro S\u00e1nchez \u00e0 Alberto Nunez Feij\u00f3o, chef de file du Parti populaire (PP, droite conservatrice), qui s\u2019est oppos\u00e9 \u00e0 la mesure.<\/p>\n<p>Cet embargo, appliqu\u00e9 de fait par l\u2019Espagne depuis octobre 2023 selon Pedro S\u00e1nchez, avait \u00e9t\u00e9 annonc\u00e9 par le Premier ministre le 8 septembre, dans le cadre d\u2019une s\u00e9rie de mesures destin\u00e9e \u00e0 \u00ab mettre fin au g\u00e9nocide \u00e0 Gaza \u00bb.<\/p>\n<p>Ces annonces avaient suscit\u00e9 une vive r\u00e9action du gouvernement isra\u00e9lien, qui avait d\u00e9j\u00e0 rappel\u00e9 son ambassadeur en 2024, quand l\u2019Espagne avait reconnu l\u2019Etat de Palestine.<\/p>\n<p>\u00ab La r\u00e9ponse d\u2019Isra\u00ebl aux terribles attentats perp\u00e9tr\u00e9s par le groupe terroriste Hamas le 7 octobre 2023 a fini par se transformer en une attaque indiscrimin\u00e9e contre la population palestinienne (que) la majorit\u00e9 des experts ont qualifi\u00e9e de g\u00e9nocide \u00bb, est-il \u00e9crit en pr\u00e9ambule du texte adopt\u00e9 mercredi.<\/p>\n<p>Portant \u00ab des mesures urgentes (\u2026) en soutien \u00e0 la population palestinienne \u00bb, ce d\u00e9cret-loi interdit toutes les exportations de mat\u00e9riel de d\u00e9fense, produits ou technologies servant dans ce domaine vers Isra\u00ebl, tout comme leur importation en Espagne.<\/p>\n<p>Il bloque \u00e9galement les demandes de transit de carburant d\u2019aviation ayant des applications militaires potentielles et interdit la publicit\u00e9 des produits \u00ab provenant des colonies ill\u00e9gales \u00e0 Gaza et en Cisjordanie \u00bb.<\/p>\n<p>\u00ab Le conseil des ministres pourra, exceptionnellement, autoriser les transferts de mat\u00e9riel de d\u00e9fense, d\u2019autres mat\u00e9riels et de produits et technologies \u00e0 double usage (\u2026) si l\u2019application de l\u2019interdiction pr\u00e9vue causait un pr\u00e9judice aux int\u00e9r\u00eats g\u00e9n\u00e9raux nationaux \u00bb, pr\u00e9voit toutefois le texte.<\/p>\n<p>L\u2019Espagne est l\u2019une des voix les plus v\u00e9h\u00e9mentes en Europe vis-\u00e0-vis de l\u2019offensive militaire d\u2019Isra\u00ebl dans la bande de Gaza, d\u00e9clench\u00e9e en r\u00e9ponse aux attaques du 7 octobre 2023 commises par le Hamas.<\/p>\n<p>Le texte adopt\u00e9 mercredi devait initialement \u00eatre soumis aux d\u00e9put\u00e9s mardi, mais le vote a finalement \u00e9t\u00e9 report\u00e9 \u00e0 mercredi, pour ne pas co\u00efncider avec la date anniversaire des attaques du Hamas, selon la presse espagnole.<\/p>\n<p>\u00ab Le choix du gouvernement espagnol de la date du 7 octobre pour soumettre au vote le d\u00e9cret-loi concernant l\u2019embargo sur les armes visant Isra\u00ebl est une d\u00e9cision cynique et condamnable \u00bb, avait d\u00e9plor\u00e9 lundi soir dans un communiqu\u00e9 l\u2019ambassade d\u2019Isra\u00ebl \u00e0 Madrid.<\/p>\n<p>The post Les d\u00e9put\u00e9s espagnols approuvent un embargo sur les armes de et vers Isra\u00ebl appeared first on Hespress Fran\u00e7ais &#8211; Actualit\u00e9s du Maroc.<\/p>\n","protected":false},"excerpt":{"rendered":"<p>Les d\u00e9put\u00e9s espagnols ont approuv\u00e9 mercredi un d\u00e9cret-loi \u00e9tablissant un embargo sur les armes en provenance et \u00e0 destination d\u2019Isra\u00ebl, une mesure d\u00e9fendue par le Premier ministre socialiste Pedro S\u00e1nchez pour \u00ab arr\u00eater le g\u00e9nocide \u00bb \u00e0 Gaza. Le texte a \u00e9t\u00e9 adopt\u00e9 par 178 contre 169, le gouvernement minoritaire de S\u00e1nchez ayant finalement re\u00e7u &hellip;<\/p>\n","protected":false},"author":2,"featured_media":18542,"comment_status":"open","ping_status":"open","sticky":false,"template":"","format":"standard","meta":{"footnotes":""},"categories":[18,29],"tags":[],"class_list":["post-18541","post","type-post","status-publish","format-standard","has-post-thumbnail","hentry","category-actualites","category-monde"],"_links":{"self":[{"href":"https:\/\/ladepeche.mr\/index.php?rest_route=\/wp\/v2\/posts\/18541","targetHints":{"allow":["GET"]}}],"collection":[{"href":"https:\/\/ladepeche.mr\/index.php?rest_route=\/wp\/v2\/posts"}],"about":[{"href":"https:\/\/ladepeche.mr\/index.php?rest_route=\/wp\/v2\/types\/post"}],"author":[{"embeddable":true,"href":"https:\/\/ladepeche.mr\/index.php?rest_route=\/wp\/v2\/users\/2"}],"replies":[{"embeddable":true,"href":"https:\/\/ladepeche.mr\/index.php?rest_route=%2Fwp%2Fv2%2Fcomments&post=18541"}],"version-history":[{"count":2,"href":"https:\/\/ladepeche.mr\/index.php?rest_route=\/wp\/v2\/posts\/18541\/revisions"}],"predecessor-version":[{"id":18544,"href":"https:\/\/ladepeche.mr\/index.php?rest_route=\/wp\/v2\/posts\/18541\/revisions\/18544"}],"wp:featuredmedia":[{"embeddable":true,"href":"https:\/\/ladepeche.mr\/index.php?rest_route=\/wp\/v2\/media\/18542"}],"wp:attachment":[{"href":"https:\/\/ladepeche.mr\/index.php?rest_route=%2Fwp%2Fv2%2Fmedia&parent=18541"}],"wp:term":[{"taxonomy":"category","embeddable":true,"href":"https:\/\/ladepeche.mr\/index.php?rest_route=%2Fwp%2Fv2%2Fcategories&post=18541"},{"taxonomy":"post_tag","embeddable":true,"href":"https:\/\/ladepeche.mr\/index.php?rest_route=%2Fwp%2Fv2%2Ftags&post=18541"}],"curies":[{"name":"wp","href":"https:\/\/api.w.org\/{rel}","templated":true}]}}