{"id":18545,"date":"2025-10-09T15:50:09","date_gmt":"2025-10-09T15:50:09","guid":{"rendered":"https:\/\/ladepeche.mr\/?p=18545"},"modified":"2025-10-09T15:50:09","modified_gmt":"2025-10-09T15:50:09","slug":"forum-global-gateway-ghazouani-appelle-a-renforcer-les-partenariats-face-aux-crises-mondiales","status":"publish","type":"post","link":"https:\/\/ladepeche.mr\/?p=18545","title":{"rendered":"Forum Global Gateway : Ghazouani appelle \u00e0 renforcer les partenariats face aux crises mondiales"},"content":{"rendered":"<p>Le pr\u00e9sident de la R\u00e9publique islamique de Mauritanie, M. Mohamed Ould Cheikh El Ghazouani, a prononc\u00e9 ce jeudi un discours \u00e0 l\u2019ouverture du deuxi\u00e8me Forum de la passerelle mondiale (Global Gateway Forum), r\u00e9affirmant l\u2019importance des partenariats fond\u00e9s sur des valeurs communes pour relever les d\u00e9fis mondiaux croissants.<br \/>\nS\u2019exprimant devant les dirigeants europ\u00e9ens et internationaux, le pr\u00e9sident mauritanien a salu\u00e9 la qualit\u00e9 du partenariat entre la Mauritanie et l\u2019Union europ\u00e9enne, \u00e9voquant une coop\u00e9ration &#8220;profonde, diversifi\u00e9e et constructive&#8221;, appuy\u00e9e par des projets concrets dans les domaines du num\u00e9rique, des infrastructures, des \u00e9nergies renouvelables et du d\u00e9veloppement humain.<br \/>\nIl a soulign\u00e9 les initiatives soutenues par l\u2019UE, notamment la construction d\u2019un centre de donn\u00e9es \u00e0 Nouakchott, le d\u00e9ploiement d\u2019un c\u00e2ble sous-marin suppl\u00e9mentaire, l\u2019\u00e9lectrification du sud-est du pays, ainsi que le d\u00e9veloppement d\u2019une fili\u00e8re d\u2019hydrog\u00e8ne vert.<br \/>\nDans un contexte mondial marqu\u00e9 par les tensions g\u00e9opolitiques, les conflits arm\u00e9s et le recul du multilat\u00e9ralisme, M. Ould Cheikh El Ghazouani a appel\u00e9 \u00e0 une gouvernance mondiale plus efficace et solidaire. Il a \u00e9galement r\u00e9affirm\u00e9 la volont\u00e9 de son pays de poursuivre son engagement pour un d\u00e9veloppement durable, une transition vers une \u00e9conomie verte et bleue, et l\u2019am\u00e9lioration de l\u2019environnement des affaires.<br \/>\nLe Forum Global Gateway, organis\u00e9 \u00e0 Bruxelles, vise \u00e0 promouvoir des investissements durables et connect\u00e9s entre l\u2019Europe et ses partenaires \u00e0 travers le monde.<br \/>\n(avec discours)<\/p>\n","protected":false},"excerpt":{"rendered":"<p>Le pr\u00e9sident de la R\u00e9publique islamique de Mauritanie, M. Mohamed Ould Cheikh El Ghazouani, a prononc\u00e9 ce jeudi un discours \u00e0 l\u2019ouverture du deuxi\u00e8me Forum de la passerelle mondiale (Global Gateway Forum), r\u00e9affirmant l\u2019importance des partenariats fond\u00e9s sur des valeurs communes pour relever les d\u00e9fis mondiaux croissants. S\u2019exprimant devant les dirigeants europ\u00e9ens et internationaux, le &hellip;<\/p>\n","protected":false},"author":2,"featured_media":18546,"comment_status":"open","ping_status":"open","sticky":false,"template":"","format":"standard","meta":{"footnotes":""},"categories":[18,29],"tags":[],"class_list":["post-18545","post","type-post","status-publish","format-standard","has-post-thumbnail","hentry","category-actualites","category-monde"],"_links":{"self":[{"href":"https:\/\/ladepeche.mr\/index.php?rest_route=\/wp\/v2\/posts\/18545","targetHints":{"allow":["GET"]}}],"collection":[{"href":"https:\/\/ladepeche.mr\/index.php?rest_route=\/wp\/v2\/posts"}],"about":[{"href":"https:\/\/ladepeche.mr\/index.php?rest_route=\/wp\/v2\/types\/post"}],"author":[{"embeddable":true,"href":"https:\/\/ladepeche.mr\/index.php?rest_route=\/wp\/v2\/users\/2"}],"replies":[{"embeddable":true,"href":"https:\/\/ladepeche.mr\/index.php?rest_route=%2Fwp%2Fv2%2Fcomments&post=18545"}],"version-history":[{"count":1,"href":"https:\/\/ladepeche.mr\/index.php?rest_route=\/wp\/v2\/posts\/18545\/revisions"}],"predecessor-version":[{"id":18547,"href":"https:\/\/ladepeche.mr\/index.php?rest_route=\/wp\/v2\/posts\/18545\/revisions\/18547"}],"wp:featuredmedia":[{"embeddable":true,"href":"https:\/\/ladepeche.mr\/index.php?rest_route=\/wp\/v2\/media\/18546"}],"wp:attachment":[{"href":"https:\/\/ladepeche.mr\/index.php?rest_route=%2Fwp%2Fv2%2Fmedia&parent=18545"}],"wp:term":[{"taxonomy":"category","embeddable":true,"href":"https:\/\/ladepeche.mr\/index.php?rest_route=%2Fwp%2Fv2%2Fcategories&post=18545"},{"taxonomy":"post_tag","embeddable":true,"href":"https:\/\/ladepeche.mr\/index.php?rest_route=%2Fwp%2Fv2%2Ftags&post=18545"}],"curies":[{"name":"wp","href":"https:\/\/api.w.org\/{rel}","templated":true}]}}