{"id":18548,"date":"2025-10-09T15:53:06","date_gmt":"2025-10-09T15:53:06","guid":{"rendered":"https:\/\/ladepeche.mr\/?p=18548"},"modified":"2025-10-09T15:53:06","modified_gmt":"2025-10-09T15:53:06","slug":"laccord-de-cessez-le-feu-a-gaza-entre-en-vigueur-mettant-fin-a-deux-ans-de-guerre-israelienne","status":"publish","type":"post","link":"https:\/\/ladepeche.mr\/?p=18548","title":{"rendered":"L&#8217;accord de cessez-le-feu \u00e0 Gaza entre en vigueur, mettant fin \u00e0 deux ans de guerre isra\u00e9lienne"},"content":{"rendered":"<p>Un accord de cessez-le-feu entre Isra\u00ebl et le Hamas est entr\u00e9 en vigueur jeudi dans la bande de Gaza, \u00e0 l&#8217;issue d&#8217;efforts de m\u00e9diation marquants visant \u00e0 mettre fin \u00e0 une guerre meurtri\u00e8re qui dure depuis deux ans dans l&#8217;enclave palestinienne.<\/p>\n<p>\u00ab Un accord a \u00e9t\u00e9 conclu pour mettre en \u0153uvre un cessez-le-feu et mettre fin \u00e0 la guerre \u00e0 Gaza apr\u00e8s deux ann\u00e9es de souffrances, conform\u00e9ment au plan de paix propos\u00e9 par le pr\u00e9sident Donald Trump \u00bb, a d\u00e9clar\u00e9 le pr\u00e9sident \u00e9gyptien Abdel Fattah al-Sissi dans un communiqu\u00e9.<\/p>\n<p>La cha\u00eene publique isra\u00e9lienne KAN a confirm\u00e9 que l&#8217;accord de cessez-le-feu \u00e9tait entr\u00e9 en vigueur dans l&#8217;enclave.<\/p>\n<p>Toutefois, la cha\u00eene isra\u00e9lienne Channel 12, citant des sources proches du bureau du Premier ministre Benjamin Netanyahu, a d\u00e9clar\u00e9 que le cessez-le-feu \u00ab n&#8217;entrera en vigueur qu&#8217;apr\u00e8s avoir \u00e9t\u00e9 approuv\u00e9 par le gouvernement \u00bb.<br \/>\naa.com.tr<\/p>\n","protected":false},"excerpt":{"rendered":"<p>Un accord de cessez-le-feu entre Isra\u00ebl et le Hamas est entr\u00e9 en vigueur jeudi dans la bande de Gaza, \u00e0 l&#8217;issue d&#8217;efforts de m\u00e9diation marquants visant \u00e0 mettre fin \u00e0 une guerre meurtri\u00e8re qui dure depuis deux ans dans l&#8217;enclave palestinienne. \u00ab Un accord a \u00e9t\u00e9 conclu pour mettre en \u0153uvre un cessez-le-feu et mettre &hellip;<\/p>\n","protected":false},"author":2,"featured_media":18549,"comment_status":"open","ping_status":"open","sticky":false,"template":"","format":"standard","meta":{"footnotes":""},"categories":[18,29],"tags":[],"class_list":["post-18548","post","type-post","status-publish","format-standard","has-post-thumbnail","hentry","category-actualites","category-monde"],"_links":{"self":[{"href":"https:\/\/ladepeche.mr\/index.php?rest_route=\/wp\/v2\/posts\/18548","targetHints":{"allow":["GET"]}}],"collection":[{"href":"https:\/\/ladepeche.mr\/index.php?rest_route=\/wp\/v2\/posts"}],"about":[{"href":"https:\/\/ladepeche.mr\/index.php?rest_route=\/wp\/v2\/types\/post"}],"author":[{"embeddable":true,"href":"https:\/\/ladepeche.mr\/index.php?rest_route=\/wp\/v2\/users\/2"}],"replies":[{"embeddable":true,"href":"https:\/\/ladepeche.mr\/index.php?rest_route=%2Fwp%2Fv2%2Fcomments&post=18548"}],"version-history":[{"count":1,"href":"https:\/\/ladepeche.mr\/index.php?rest_route=\/wp\/v2\/posts\/18548\/revisions"}],"predecessor-version":[{"id":18550,"href":"https:\/\/ladepeche.mr\/index.php?rest_route=\/wp\/v2\/posts\/18548\/revisions\/18550"}],"wp:featuredmedia":[{"embeddable":true,"href":"https:\/\/ladepeche.mr\/index.php?rest_route=\/wp\/v2\/media\/18549"}],"wp:attachment":[{"href":"https:\/\/ladepeche.mr\/index.php?rest_route=%2Fwp%2Fv2%2Fmedia&parent=18548"}],"wp:term":[{"taxonomy":"category","embeddable":true,"href":"https:\/\/ladepeche.mr\/index.php?rest_route=%2Fwp%2Fv2%2Fcategories&post=18548"},{"taxonomy":"post_tag","embeddable":true,"href":"https:\/\/ladepeche.mr\/index.php?rest_route=%2Fwp%2Fv2%2Ftags&post=18548"}],"curies":[{"name":"wp","href":"https:\/\/api.w.org\/{rel}","templated":true}]}}