{"id":18552,"date":"2025-10-09T19:27:54","date_gmt":"2025-10-09T19:27:54","guid":{"rendered":"https:\/\/ladepeche.mr\/?p=18552"},"modified":"2025-10-09T19:27:54","modified_gmt":"2025-10-09T19:27:54","slug":"rim-mali-merzough-evoque-la-situation-des-ressortissants-des-deux-pays-avec-le-president-goita","status":"publish","type":"post","link":"https:\/\/ladepeche.mr\/?p=18552","title":{"rendered":"Rim-Mali: Merzough \u00e9voque la situation des ressortissants des deux pays avec le pr\u00e9sident Goita"},"content":{"rendered":"<p>La situation des commer\u00e7ants mauritaniens au Mali et celle des Maliens \u00e9tablis en Mauritanie a \u00e9t\u00e9 au centre d&#8217;une audience mercredi \u00e0 Bamako, entre le pr\u00e9sident malien Assimi Go\u00efta, et Mohamed Salem Ould Merzoug, ministre des Affaires \u00e9trang\u00e8res, de la Coop\u00e9ration africaine et des Mauritaniens de l&#8217;ext\u00e9rieur, a indiqu\u00e9 jeudi la pr\u00e9sidence malienne sur ses r\u00e9seaux sociaux.<br \/>\nFace \u00e0 &#8220;la complexit\u00e9 et \u00e0 l&#8217;urgence de la situation&#8221;, M. Go\u00efta a &#8220;vivement conseill\u00e9&#8221; de r\u00e9activer la grande commission Mali-Mauritanie, &#8220;tout en incitant les parties \u00e0 \u00e9tablir un cadre de dialogue permanent&#8221;, pr\u00e9cise la pr\u00e9sidence malienne.<br \/>\nCette approche doit permettre de pr\u00e9senter clairement les probl\u00e8mes des deux parties tout en trouvant des solutions pratiques et durables, selon la m\u00eame source.<br \/>\n&#8220;Je suis venu transmettre un message de solidarit\u00e9, de paix et de stabilit\u00e9 au peuple malien&#8221;, a d\u00e9clar\u00e9 M. Ould Merzoug \u00e0 la presse, pr\u00e9cisant que sa visite s&#8217;inscrivait dans le cadre &#8220;de la concertation continue et du renforcement du partenariat entre les deux chefs d&#8217;Etat, dans un esprit de fraternit\u00e9, de coop\u00e9ration et de solidarit\u00e9 mutuelle&#8221;.<br \/>\nLe Mali et la Mauritanie demeurent deux nations unies par des liens historiques, g\u00e9ographiques et humains profonds, fond\u00e9s sur une solidarit\u00e9 s\u00e9culaire et une communaut\u00e9 de destin, a-t-il soulign\u00e9.<br \/>\nCes derniers mois, les relations entre Bamako et Nouakchott ont \u00e9t\u00e9 marqu\u00e9es par des tensions li\u00e9es \u00e0 l&#8217;expulsion des Maliens de Mauritanie et de la fermeture des commerces appartenant \u00e0 des op\u00e9rateurs mauritaniens au Mali.<br \/>\n(avec m\u00e9dias)<\/p>\n","protected":false},"excerpt":{"rendered":"<p>La situation des commer\u00e7ants mauritaniens au Mali et celle des Maliens \u00e9tablis en Mauritanie a \u00e9t\u00e9 au centre d&#8217;une audience mercredi \u00e0 Bamako, entre le pr\u00e9sident malien Assimi Go\u00efta, et Mohamed Salem Ould Merzoug, ministre des Affaires \u00e9trang\u00e8res, de la Coop\u00e9ration africaine et des Mauritaniens de l&#8217;ext\u00e9rieur, a indiqu\u00e9 jeudi la pr\u00e9sidence malienne sur ses &hellip;<\/p>\n","protected":false},"author":2,"featured_media":2097,"comment_status":"open","ping_status":"open","sticky":false,"template":"","format":"standard","meta":{"footnotes":""},"categories":[18,29],"tags":[],"class_list":["post-18552","post","type-post","status-publish","format-standard","has-post-thumbnail","hentry","category-actualites","category-monde"],"_links":{"self":[{"href":"https:\/\/ladepeche.mr\/index.php?rest_route=\/wp\/v2\/posts\/18552","targetHints":{"allow":["GET"]}}],"collection":[{"href":"https:\/\/ladepeche.mr\/index.php?rest_route=\/wp\/v2\/posts"}],"about":[{"href":"https:\/\/ladepeche.mr\/index.php?rest_route=\/wp\/v2\/types\/post"}],"author":[{"embeddable":true,"href":"https:\/\/ladepeche.mr\/index.php?rest_route=\/wp\/v2\/users\/2"}],"replies":[{"embeddable":true,"href":"https:\/\/ladepeche.mr\/index.php?rest_route=%2Fwp%2Fv2%2Fcomments&post=18552"}],"version-history":[{"count":1,"href":"https:\/\/ladepeche.mr\/index.php?rest_route=\/wp\/v2\/posts\/18552\/revisions"}],"predecessor-version":[{"id":18553,"href":"https:\/\/ladepeche.mr\/index.php?rest_route=\/wp\/v2\/posts\/18552\/revisions\/18553"}],"wp:featuredmedia":[{"embeddable":true,"href":"https:\/\/ladepeche.mr\/index.php?rest_route=\/wp\/v2\/media\/2097"}],"wp:attachment":[{"href":"https:\/\/ladepeche.mr\/index.php?rest_route=%2Fwp%2Fv2%2Fmedia&parent=18552"}],"wp:term":[{"taxonomy":"category","embeddable":true,"href":"https:\/\/ladepeche.mr\/index.php?rest_route=%2Fwp%2Fv2%2Fcategories&post=18552"},{"taxonomy":"post_tag","embeddable":true,"href":"https:\/\/ladepeche.mr\/index.php?rest_route=%2Fwp%2Fv2%2Ftags&post=18552"}],"curies":[{"name":"wp","href":"https:\/\/api.w.org\/{rel}","templated":true}]}}