{"id":18562,"date":"2025-10-09T22:47:05","date_gmt":"2025-10-09T22:47:05","guid":{"rendered":"https:\/\/ladepeche.mr\/?p=18562"},"modified":"2025-10-09T22:47:05","modified_gmt":"2025-10-09T22:47:05","slug":"bruxelles-des-opposants-font-entendre-leur-voix-contre-le-gouvernement","status":"publish","type":"post","link":"https:\/\/ladepeche.mr\/?p=18562","title":{"rendered":"Bruxelles : des opposants font entendre leur voix contre le gouvernement"},"content":{"rendered":"<p>Une douzaine de manifestants ont pris d\u2019assaut jeudi l\u2019h\u00f4tel de r\u00e9sidence du pr\u00e9sident Ghazouani pour faire entendre leur voix, constate-t-on via des vid\u00e9os diffus\u00e9es sur la toile.<br \/>\nArm\u00e9 de m\u00e9gaphone, les manifestants sont scand\u00e9s des slogans hostiles au pr\u00e9sident Ghazouani et \u00e0 son gouvernement.<br \/>\nLe pr\u00e9sident Ghazouani \u00e0 la t\u00eate d\u2019une forte d\u00e9l\u00e9gation participe \u00e0 Bruxelles \u00e0 la rencontre Global Gateway Forum 2025, initiative europ\u00e9enne qui vise \u00e0 renforcer les infrastructures durables sur le continent africain.<\/p>\n<p>Comme lors de ses d\u00e9placements aux USA, l\u2019opposition radicale a toujours su retrouver les r\u00e9sidences des officiels mauritaniens.<\/p>\n","protected":false},"excerpt":{"rendered":"<p>Une douzaine de manifestants ont pris d\u2019assaut jeudi l\u2019h\u00f4tel de r\u00e9sidence du pr\u00e9sident Ghazouani pour faire entendre leur voix, constate-t-on via des vid\u00e9os diffus\u00e9es sur la toile. Arm\u00e9 de m\u00e9gaphone, les manifestants sont scand\u00e9s des slogans hostiles au pr\u00e9sident Ghazouani et \u00e0 son gouvernement. Le pr\u00e9sident Ghazouani \u00e0 la t\u00eate d\u2019une forte d\u00e9l\u00e9gation participe \u00e0 &hellip;<\/p>\n","protected":false},"author":2,"featured_media":18563,"comment_status":"open","ping_status":"open","sticky":false,"template":"","format":"standard","meta":{"footnotes":""},"categories":[18,31],"tags":[],"class_list":["post-18562","post","type-post","status-publish","format-standard","has-post-thumbnail","hentry","category-actualites","category-politique-et-reportages"],"_links":{"self":[{"href":"https:\/\/ladepeche.mr\/index.php?rest_route=\/wp\/v2\/posts\/18562","targetHints":{"allow":["GET"]}}],"collection":[{"href":"https:\/\/ladepeche.mr\/index.php?rest_route=\/wp\/v2\/posts"}],"about":[{"href":"https:\/\/ladepeche.mr\/index.php?rest_route=\/wp\/v2\/types\/post"}],"author":[{"embeddable":true,"href":"https:\/\/ladepeche.mr\/index.php?rest_route=\/wp\/v2\/users\/2"}],"replies":[{"embeddable":true,"href":"https:\/\/ladepeche.mr\/index.php?rest_route=%2Fwp%2Fv2%2Fcomments&post=18562"}],"version-history":[{"count":1,"href":"https:\/\/ladepeche.mr\/index.php?rest_route=\/wp\/v2\/posts\/18562\/revisions"}],"predecessor-version":[{"id":18564,"href":"https:\/\/ladepeche.mr\/index.php?rest_route=\/wp\/v2\/posts\/18562\/revisions\/18564"}],"wp:featuredmedia":[{"embeddable":true,"href":"https:\/\/ladepeche.mr\/index.php?rest_route=\/wp\/v2\/media\/18563"}],"wp:attachment":[{"href":"https:\/\/ladepeche.mr\/index.php?rest_route=%2Fwp%2Fv2%2Fmedia&parent=18562"}],"wp:term":[{"taxonomy":"category","embeddable":true,"href":"https:\/\/ladepeche.mr\/index.php?rest_route=%2Fwp%2Fv2%2Fcategories&post=18562"},{"taxonomy":"post_tag","embeddable":true,"href":"https:\/\/ladepeche.mr\/index.php?rest_route=%2Fwp%2Fv2%2Ftags&post=18562"}],"curies":[{"name":"wp","href":"https:\/\/api.w.org\/{rel}","templated":true}]}}