{"id":18566,"date":"2025-10-10T12:23:21","date_gmt":"2025-10-10T12:23:21","guid":{"rendered":"https:\/\/ladepeche.mr\/?p=18566"},"modified":"2025-10-10T12:23:21","modified_gmt":"2025-10-10T12:23:21","slug":"may-yamaha-by-maurilog-en-symbiose-avec-les-communautes-et-les-pecheurs-de-ndiago-lors-de-la-regate-traditionnelle","status":"publish","type":"post","link":"https:\/\/ladepeche.mr\/?p=18566","title":{"rendered":"MAY YAMAHA by MAURILOG en symbiose avec les communaut\u00e9s et les p\u00eacheurs de Ndiago lors de la r\u00e9gate traditionnelle"},"content":{"rendered":"<p>La localit\u00e9 c\u00f4ti\u00e8re de Ndiago a vibr\u00e9 ce week-end au rythme de la r\u00e9gate traditionnelle des pirogues, un \u00e9v\u00e9nement culturel et sportif majeur c\u00e9l\u00e9brant la p\u00eache artisanale, en pr\u00e9sence de nombreuses autorit\u00e9s et avec le soutien actif de MAY YAMAHA by MAURILOG, sponsor officiel de cette \u00e9dition 2025.<br \/>\nPendant trois jours, la ville a accueilli des centaines de participants \u2013 p\u00eacheurs, jeunes et familles \u2013 autour d\u2019activit\u00e9s vari\u00e9es : tournoi de football, animations culturelles et, en point d\u2019orgue, la grande course des pirogues, v\u00e9ritable moment de communion communautaire.<br \/>\nUn partenaire engag\u00e9 au c\u0153ur des traditions maritimes<br \/>\nPartenaire principal de l\u2019\u00e9v\u00e9nement, MAY YAMAHA by MAURILOG a r\u00e9affirm\u00e9 son engagement en faveur des communaut\u00e9s locales et du d\u00e9veloppement social, \u00e0 travers plusieurs initiatives. Des actions de sensibilisation sur la s\u00e9curit\u00e9 en mer et l\u2019entretien des moteurs hors-bord ont \u00e9t\u00e9 men\u00e9es aupr\u00e8s des p\u00eacheurs, tandis que des kits scolaires ont \u00e9t\u00e9 distribu\u00e9s aux \u00e9l\u00e8ves \u00e0 l\u2019occasion de la rentr\u00e9e 2025\u20132026.<br \/>\nDans son discours d\u2019ouverture, M. Noman Abdelkader Noman, repr\u00e9sentant de Yamaha Mauritanie, a salu\u00e9 la vitalit\u00e9 de la communaut\u00e9 de Ndiago et rappel\u00e9 la vision du groupe :<br \/>\n\u00ab \u00catre pr\u00e9sent ici, \u00e0 Ndiago, c\u2019est r\u00e9affirmer notre proximit\u00e9 avec les communaut\u00e9s c\u00f4ti\u00e8res, notre admiration pour leur savoir-faire et notre volont\u00e9 de soutenir les jeunes, les p\u00eacheurs et leurs familles dans leurs efforts quotidiens. \u00bb<\/p>\n<p><img loading=\"lazy\" decoding=\"async\" src=\"http:\/\/ladepeche.mr\/wp-content\/uploads\/2025\/10\/2-300x160.jpg\" alt=\"\" width=\"300\" height=\"160\" class=\"alignright size-medium wp-image-18570\" srcset=\"https:\/\/ladepeche.mr\/wp-content\/uploads\/2025\/10\/2-300x160.jpg 300w, https:\/\/ladepeche.mr\/wp-content\/uploads\/2025\/10\/2-1024x548.jpg 1024w, https:\/\/ladepeche.mr\/wp-content\/uploads\/2025\/10\/2-768x411.jpg 768w, https:\/\/ladepeche.mr\/wp-content\/uploads\/2025\/10\/2-1536x822.jpg 1536w, https:\/\/ladepeche.mr\/wp-content\/uploads\/2025\/10\/2-2048x1095.jpg 2048w\" sizes=\"auto, (max-width: 300px) 100vw, 300px\" \/><\/p>\n<p><strong>Une mobilisation institutionnelle importante<\/strong><br \/>\nL\u2019\u00e9v\u00e9nement s\u2019est d\u00e9roul\u00e9 en pr\u00e9sence de plusieurs autorit\u00e9s, notamment :<br \/>\n* le Secr\u00e9taire g\u00e9n\u00e9ral du minist\u00e8re de la P\u00eache et des Infrastructures portuaires, repr\u00e9sentant le ministre ;<br \/>\n* le Directeur de cabinet du ministre d\u00e9l\u00e9gu\u00e9 aupr\u00e8s du minist\u00e8re de l\u2019Int\u00e9rieur (charg\u00e9 de la d\u00e9centralisation et du d\u00e9veloppement) ;<br \/>\n* le Wali du Trarza ;<br \/>\n* le Hakem de Keur Macen, le Chef d\u2019arrondissement de Ndiago et le Maire de la commune ;<br \/>\n* ainsi que des repr\u00e9sentants des forces de s\u00e9curit\u00e9 et des organisations professionnelles de la p\u00eache.<br \/>\nTous ont salu\u00e9 l\u2019implication de MAY YAMAHA et du Groupe MAURILOG, soulignant leur soutien constant aux communaut\u00e9s locales, leur r\u00f4le dans la valorisation des m\u00e9tiers traditionnels, et leur action en faveur de la jeunesse.<\/p>\n<p><img loading=\"lazy\" decoding=\"async\" src=\"http:\/\/ladepeche.mr\/wp-content\/uploads\/2025\/10\/3-300x160.jpg\" alt=\"\" width=\"300\" height=\"160\" class=\"alignright size-medium wp-image-18571\" srcset=\"https:\/\/ladepeche.mr\/wp-content\/uploads\/2025\/10\/3-300x160.jpg 300w, https:\/\/ladepeche.mr\/wp-content\/uploads\/2025\/10\/3-1024x548.jpg 1024w, https:\/\/ladepeche.mr\/wp-content\/uploads\/2025\/10\/3-768x411.jpg 768w, https:\/\/ladepeche.mr\/wp-content\/uploads\/2025\/10\/3-1536x822.jpg 1536w, https:\/\/ladepeche.mr\/wp-content\/uploads\/2025\/10\/3-2048x1095.jpg 2048w\" sizes=\"auto, (max-width: 300px) 100vw, 300px\" \/><\/p>\n<p><strong>Un groupe au service du d\u00e9veloppement local<\/strong><br \/>\nFiliale du Groupe MAURILOG, MAY YAMAHA s\u2019inscrit dans une strat\u00e9gie plus large visant \u00e0 renforcer les capacit\u00e9s locales. Le groupe, d\u00e9tenu \u00e0 100 % par M. Mohamed Abdellahi Yaha, se distingue par ses actions dans les domaines logistique, industriel, \u00e9ducatif et social.<br \/>\n\u00c0 travers ses filiales, notamment \u00c9dukate, MAURILOG d\u00e9veloppe \u00e9galement des initiatives pour la formation des jeunes Mauritaniens aux m\u00e9tiers d\u2019avenir, contribuant ainsi \u00e0 un d\u00e9veloppement durable et inclusif.<br \/>\n<img loading=\"lazy\" decoding=\"async\" src=\"http:\/\/ladepeche.mr\/wp-content\/uploads\/2025\/10\/4-300x169.jpg\" alt=\"\" width=\"300\" height=\"169\" class=\"alignright size-medium wp-image-18572\" srcset=\"https:\/\/ladepeche.mr\/wp-content\/uploads\/2025\/10\/4-300x169.jpg 300w, https:\/\/ladepeche.mr\/wp-content\/uploads\/2025\/10\/4-1024x576.jpg 1024w, https:\/\/ladepeche.mr\/wp-content\/uploads\/2025\/10\/4-768x432.jpg 768w, https:\/\/ladepeche.mr\/wp-content\/uploads\/2025\/10\/4-1536x864.jpg 1536w, https:\/\/ladepeche.mr\/wp-content\/uploads\/2025\/10\/4-2048x1152.jpg 2048w, https:\/\/ladepeche.mr\/wp-content\/uploads\/2025\/10\/4-390x220.jpg 390w\" sizes=\"auto, (max-width: 300px) 100vw, 300px\" \/><\/p>\n","protected":false},"excerpt":{"rendered":"<p>La localit\u00e9 c\u00f4ti\u00e8re de Ndiago a vibr\u00e9 ce week-end au rythme de la r\u00e9gate traditionnelle des pirogues, un \u00e9v\u00e9nement culturel et sportif majeur c\u00e9l\u00e9brant la p\u00eache artisanale, en pr\u00e9sence de nombreuses autorit\u00e9s et avec le soutien actif de MAY YAMAHA by MAURILOG, sponsor officiel de cette \u00e9dition 2025. Pendant trois jours, la ville a accueilli &hellip;<\/p>\n","protected":false},"author":2,"featured_media":18569,"comment_status":"open","ping_status":"open","sticky":false,"template":"","format":"standard","meta":{"footnotes":""},"categories":[18,15],"tags":[],"class_list":["post-18566","post","type-post","status-publish","format-standard","has-post-thumbnail","hentry","category-actualites","category-culture"],"_links":{"self":[{"href":"https:\/\/ladepeche.mr\/index.php?rest_route=\/wp\/v2\/posts\/18566","targetHints":{"allow":["GET"]}}],"collection":[{"href":"https:\/\/ladepeche.mr\/index.php?rest_route=\/wp\/v2\/posts"}],"about":[{"href":"https:\/\/ladepeche.mr\/index.php?rest_route=\/wp\/v2\/types\/post"}],"author":[{"embeddable":true,"href":"https:\/\/ladepeche.mr\/index.php?rest_route=\/wp\/v2\/users\/2"}],"replies":[{"embeddable":true,"href":"https:\/\/ladepeche.mr\/index.php?rest_route=%2Fwp%2Fv2%2Fcomments&post=18566"}],"version-history":[{"count":3,"href":"https:\/\/ladepeche.mr\/index.php?rest_route=\/wp\/v2\/posts\/18566\/revisions"}],"predecessor-version":[{"id":18573,"href":"https:\/\/ladepeche.mr\/index.php?rest_route=\/wp\/v2\/posts\/18566\/revisions\/18573"}],"wp:featuredmedia":[{"embeddable":true,"href":"https:\/\/ladepeche.mr\/index.php?rest_route=\/wp\/v2\/media\/18569"}],"wp:attachment":[{"href":"https:\/\/ladepeche.mr\/index.php?rest_route=%2Fwp%2Fv2%2Fmedia&parent=18566"}],"wp:term":[{"taxonomy":"category","embeddable":true,"href":"https:\/\/ladepeche.mr\/index.php?rest_route=%2Fwp%2Fv2%2Fcategories&post=18566"},{"taxonomy":"post_tag","embeddable":true,"href":"https:\/\/ladepeche.mr\/index.php?rest_route=%2Fwp%2Fv2%2Ftags&post=18566"}],"curies":[{"name":"wp","href":"https:\/\/api.w.org\/{rel}","templated":true}]}}