{"id":1857,"date":"2022-09-12T12:04:28","date_gmt":"2022-09-12T12:04:28","guid":{"rendered":"https:\/\/ladepeche.mr\/?p=1857"},"modified":"2022-09-12T12:04:28","modified_gmt":"2022-09-12T12:04:28","slug":"enseignement-prescolaire-la-premiere-dame-regrette-la-situation-et-exhorte-a-des-actions-rapides","status":"publish","type":"post","link":"https:\/\/ladepeche.mr\/?p=1857","title":{"rendered":"Enseignement pr\u00e9scolaire\u00a0: La Premi\u00e8re Dame regrette la situation et exhorte \u00e0 des actions rapides"},"content":{"rendered":"<p>La Premi\u00e8re Dame, Dr Mari\u00e8m Dah a dit regretter la situation de l\u2019enseignement pr\u00e9scolaire dans le \u00a0dans le pays indiquant que les statistiques disponibles trahissent un taux de d\u00e9perdition important chez les enfants en \u00e2ge de le fr\u00e9quenter. Cela est inconcevable a estim\u00e9 Dr Mari\u00e8m Dah qui s\u2019exprimait \u00e0 l\u2019occasion du lancement, samedi au Centre des Conf\u00e9rences, du plan strat\u00e9gique pour le d\u00e9veloppement de l\u2019enseignement pr\u00e9scolaire.<\/p>\n<p><img decoding=\"async\" src=\"https:\/\/ami.mr\/fr\/wp-content\/uploads\/2022\/09\/02-2.jpg\" \/><\/p>\n<p>Une occasion o\u00f9 elle a rappel\u00e9 le r\u00f4le, \u00e0 cet effet, le r\u00f4le central d\u00e9ou\u00e9 aux cr\u00e8ches et jardins d\u2019enfants pour l\u2019acc\u00e9l\u00e9ration du d\u00e9veloppement de l\u2019enseignement pr\u00e9scolaire en Mauritanie.<\/p>\n<p>Mme la pr\u00e9sidente a, cet effet, lou\u00e9 les efforts du gouvernement qui, dira-t-elle, \u00ab\u00a0a pris conscience de cette question et agit pour la corriger gr\u00e2ce au lancement de ce plan strat\u00e9gique prometteur et ambitieux et qui permettra l\u2019acc\u00e8s de 100 000 de nos enfants \u00e0 l\u2019enseignement pr\u00e9scolaire\u00a0\u00bb.<\/p>\n<p>La Premi\u00e8re Dame qui a, \u00e9galement, appel\u00e9 \u00e0 une synergie des efforts des autorit\u00e9s publiques, du secteur priv\u00e9 et des partenaires techniques et financiers, a rappel\u00e9 l\u2019importance de ces \u00e9tapes dans la formation des enfants en bas \u00e2ge a rappel\u00e9 qu\u2019un int\u00e9r\u00eat particulier devrait \u00eatre accord\u00e9 \u00ab\u00a0aux enfants issus des couches d\u00e9sh\u00e9rit\u00e9es\u00a0\u00bb.<\/p>\n<p>Pour elle, \u00ab\u00a0l\u2019acc\u00e9l\u00e9ration du d\u00e9veloppement de l\u2019enseignement pr\u00e9scolaire en Mauritanie vise une \u00e9tape d\u00e9terminante des cycles de l\u2019enseignement de nos enfants et leur pr\u00e9paration, de mani\u00e8re appropri\u00e9e, au lancement r\u00e9ussi de leur cursus d\u2019enseignement, rappelant que l\u2019int\u00e9r\u00eat accord\u00e9 \u00e0 l\u2019enseignement pr\u00e9scolaire tire sa l\u00e9gitimit\u00e9 de la place privil\u00e9gi\u00e9e accord\u00e9e notre sainte religion \u00e0 l\u2019enseignement sur lequel elle a insist\u00e9 surtout d\u00e8s un bas \u00e2ge\u00a0\u00bb.<\/p>\n","protected":false},"excerpt":{"rendered":"<p>La Premi\u00e8re Dame, Dr Mari\u00e8m Dah a dit regretter la situation de l\u2019enseignement pr\u00e9scolaire dans le \u00a0dans le pays indiquant que les statistiques disponibles trahissent un taux de d\u00e9perdition important chez les enfants en \u00e2ge de le fr\u00e9quenter. Cela est inconcevable a estim\u00e9 Dr Mari\u00e8m Dah qui s\u2019exprimait \u00e0 l\u2019occasion du lancement, samedi au Centre &hellip;<\/p>\n","protected":false},"author":2,"featured_media":1858,"comment_status":"open","ping_status":"open","sticky":false,"template":"","format":"standard","meta":{"footnotes":""},"categories":[18,15],"tags":[],"class_list":["post-1857","post","type-post","status-publish","format-standard","has-post-thumbnail","hentry","category-actualites","category-culture"],"_links":{"self":[{"href":"https:\/\/ladepeche.mr\/index.php?rest_route=\/wp\/v2\/posts\/1857","targetHints":{"allow":["GET"]}}],"collection":[{"href":"https:\/\/ladepeche.mr\/index.php?rest_route=\/wp\/v2\/posts"}],"about":[{"href":"https:\/\/ladepeche.mr\/index.php?rest_route=\/wp\/v2\/types\/post"}],"author":[{"embeddable":true,"href":"https:\/\/ladepeche.mr\/index.php?rest_route=\/wp\/v2\/users\/2"}],"replies":[{"embeddable":true,"href":"https:\/\/ladepeche.mr\/index.php?rest_route=%2Fwp%2Fv2%2Fcomments&post=1857"}],"version-history":[{"count":1,"href":"https:\/\/ladepeche.mr\/index.php?rest_route=\/wp\/v2\/posts\/1857\/revisions"}],"predecessor-version":[{"id":1859,"href":"https:\/\/ladepeche.mr\/index.php?rest_route=\/wp\/v2\/posts\/1857\/revisions\/1859"}],"wp:featuredmedia":[{"embeddable":true,"href":"https:\/\/ladepeche.mr\/index.php?rest_route=\/wp\/v2\/media\/1858"}],"wp:attachment":[{"href":"https:\/\/ladepeche.mr\/index.php?rest_route=%2Fwp%2Fv2%2Fmedia&parent=1857"}],"wp:term":[{"taxonomy":"category","embeddable":true,"href":"https:\/\/ladepeche.mr\/index.php?rest_route=%2Fwp%2Fv2%2Fcategories&post=1857"},{"taxonomy":"post_tag","embeddable":true,"href":"https:\/\/ladepeche.mr\/index.php?rest_route=%2Fwp%2Fv2%2Ftags&post=1857"}],"curies":[{"name":"wp","href":"https:\/\/api.w.org\/{rel}","templated":true}]}}