{"id":18576,"date":"2025-10-10T18:06:02","date_gmt":"2025-10-10T18:06:02","guid":{"rendered":"https:\/\/ladepeche.mr\/?p=18576"},"modified":"2025-10-10T18:06:02","modified_gmt":"2025-10-10T18:06:02","slug":"6e-edition-du-festival-nouadhibou-image","status":"publish","type":"post","link":"https:\/\/ladepeche.mr\/?p=18576","title":{"rendered":"6e \u00e9dition du Festival Nouadhibou Image"},"content":{"rendered":"<p>La ville de Nouadhibou accueillera, du 25 au 27 octobre 2025, la 6e \u00e9dition du Festival Nouadhibou Image, un rendez-vous annuel qui explore les liens entre culture et environnement . Organis\u00e9 par l\u2019Association Sahel D\u00e9v, l\u2019\u00e9v\u00e9nement r\u00e9unira experts, journalistes, activistes et passionn\u00e9s autour d\u2019activit\u00e9s de sensibilisation visant \u00e0 renforcer la conscience \u00e9cologique au sein des communaut\u00e9s et \u00e0 instaurer une &#8220;paix&#8221; durable entre les habitants et leur environnement.<\/p>\n<p>Communiqu\u00e9 de presse:<\/p>\n<p>6e \u00e9dition du Festival Nouadhibou Image : l\u2019environnement, la culture et le d\u00e9veloppement au c\u0153ur des \u00e9changes<\/p>\n<p>L\u2019Association Sahel D\u00e9v a le plaisir d\u2019annoncer l\u2019organisation de la 6em \u00e9dition du Festival Nouadhibou Image\u060c qui se tiendra du 25 au 27 octobre 2025 \u00e0 Nouadhibou.<\/p>\n<p>Ce rendez-vous culturel et citoyen r\u00e9unira des acteurs, experts et passionn\u00e9s venus de Nouadhibou, Nouakchott et Zouerate, autour de th\u00e9matiques li\u00e9es \u00e0 l\u2019environnement, la culture et le d\u00e9veloppement durable.<\/p>\n<p>Le festival proposera une programmation riche et diversifi\u00e9e : expositions, projections de films, d\u00e9bats et animations, dans des espaces ouverts \u00e0 tous, favorisant l\u2019\u00e9change, la r\u00e9flexion et la sensibilisation.<\/p>\n<p>\u00c0 travers cet \u00e9v\u00e9nement, Sahel D\u00e9v entend contribuer \u00e0 l\u2019\u00e9mergence d\u2019une conscience collective autour des d\u00e9fis environnementaux et \u00e0 la promotion de la culture comme vecteur de d\u00e9veloppement local.<\/p>\n<p>Contact : contact@saheldev.org<br \/>\nWatsapp: 44707475<br \/>\nSite web:<br \/>\nwww.sahel-dev.org<\/p>\n","protected":false},"excerpt":{"rendered":"<p>La ville de Nouadhibou accueillera, du 25 au 27 octobre 2025, la 6e \u00e9dition du Festival Nouadhibou Image, un rendez-vous annuel qui explore les liens entre culture et environnement . Organis\u00e9 par l\u2019Association Sahel D\u00e9v, l\u2019\u00e9v\u00e9nement r\u00e9unira experts, journalistes, activistes et passionn\u00e9s autour d\u2019activit\u00e9s de sensibilisation visant \u00e0 renforcer la conscience \u00e9cologique au sein des &hellip;<\/p>\n","protected":false},"author":2,"featured_media":18577,"comment_status":"open","ping_status":"open","sticky":false,"template":"","format":"standard","meta":{"footnotes":""},"categories":[18,15],"tags":[],"class_list":["post-18576","post","type-post","status-publish","format-standard","has-post-thumbnail","hentry","category-actualites","category-culture"],"_links":{"self":[{"href":"https:\/\/ladepeche.mr\/index.php?rest_route=\/wp\/v2\/posts\/18576","targetHints":{"allow":["GET"]}}],"collection":[{"href":"https:\/\/ladepeche.mr\/index.php?rest_route=\/wp\/v2\/posts"}],"about":[{"href":"https:\/\/ladepeche.mr\/index.php?rest_route=\/wp\/v2\/types\/post"}],"author":[{"embeddable":true,"href":"https:\/\/ladepeche.mr\/index.php?rest_route=\/wp\/v2\/users\/2"}],"replies":[{"embeddable":true,"href":"https:\/\/ladepeche.mr\/index.php?rest_route=%2Fwp%2Fv2%2Fcomments&post=18576"}],"version-history":[{"count":1,"href":"https:\/\/ladepeche.mr\/index.php?rest_route=\/wp\/v2\/posts\/18576\/revisions"}],"predecessor-version":[{"id":18578,"href":"https:\/\/ladepeche.mr\/index.php?rest_route=\/wp\/v2\/posts\/18576\/revisions\/18578"}],"wp:featuredmedia":[{"embeddable":true,"href":"https:\/\/ladepeche.mr\/index.php?rest_route=\/wp\/v2\/media\/18577"}],"wp:attachment":[{"href":"https:\/\/ladepeche.mr\/index.php?rest_route=%2Fwp%2Fv2%2Fmedia&parent=18576"}],"wp:term":[{"taxonomy":"category","embeddable":true,"href":"https:\/\/ladepeche.mr\/index.php?rest_route=%2Fwp%2Fv2%2Fcategories&post=18576"},{"taxonomy":"post_tag","embeddable":true,"href":"https:\/\/ladepeche.mr\/index.php?rest_route=%2Fwp%2Fv2%2Ftags&post=18576"}],"curies":[{"name":"wp","href":"https:\/\/api.w.org\/{rel}","templated":true}]}}