{"id":18606,"date":"2025-10-12T13:50:43","date_gmt":"2025-10-12T13:50:43","guid":{"rendered":"https:\/\/ladepeche.mr\/?p=18606"},"modified":"2025-10-12T14:19:52","modified_gmt":"2025-10-12T14:19:52","slug":"rapport-de-la-cour-des-comptes-le-president-va-t-il-sevir","status":"publish","type":"post","link":"https:\/\/ladepeche.mr\/?p=18606","title":{"rendered":"Edito: Rapport de la Cour des comptes; le pr\u00e9sident va-t-il s\u00e9vir?"},"content":{"rendered":"<p>Le mot n\u2019est pas trop fort : accablant. Le dernier rapport 2022-2023 de la Cour des comptes sur la gestion des finances publiques est un v\u00e9ritable r\u00e9quisitoire. Aucun secteur n\u2019\u00e9chappe \u00e0 la gabegie, m\u00eame si certains se distinguent par l\u2019ampleur de la pr\u00e9varication, pratiqu\u00e9e souvent \u00e0 visage d\u00e9couvert. Les exemples sont nombreux, et nous y reviendrons en d\u00e9tail, un \u00e0 un.<\/p>\n<p>Mercredi, le pr\u00e9sident de la R\u00e9publique a officiellement re\u00e7u le rapport des mains du pr\u00e9sident de la Cour, M. Hamid Ould Ahmed Taleb. Ce document marque une avanc\u00e9e notable : pour la premi\u00e8re fois, la Cour publie son rapport dans les d\u00e9lais. Il refl\u00e8te aussi, sur le papier du moins, une volont\u00e9 affich\u00e9e de transparence, de bonne gouvernance et de reddition des comptes.<\/p>\n<p>Le rapport dresse un constat s\u00e9v\u00e8re : une gestion personnalis\u00e9e des ressources publiques, des irr\u00e9gularit\u00e9s massives, et des dysfonctionnements syst\u00e9miques. Il compile les observations issues des missions de contr\u00f4le, les r\u00e9ponses des ministres concern\u00e9s, ainsi qu\u2019une \u00e9valuation des politiques publiques men\u00e9es.<\/p>\n<p>Il faut saluer ici un geste politique fort : le rapport a \u00e9t\u00e9 publi\u00e9 sans censure, alors m\u00eame que l\u2019ex\u00e9cutif aurait pu en masquer les r\u00e9v\u00e9lations les plus explosives. Le pr\u00e9sident, qui en a eu la primeur, a choisi la transparence. Une transparence \u00e0 double tranchant, car ce document expose \u00e9galement les faiblesses de l\u2019appareil d\u2019\u00c9tat \u2014 y compris celles de la Cour elle-m\u00eame.<\/p>\n<p>Mais cette volont\u00e9 d\u2019ouverture suffira-t-elle ? C\u2019est toute la question. Car au-del\u00e0 du constat, l\u2019opinion attend d\u00e9sormais des actes.<\/p>\n<p>Le timing, lui, n\u2019a rien d\u2019anodin. Le pr\u00e9sident s\u2019envolait le lendemain pour participer \u00e0 la deuxi\u00e8me \u00e9dition du Sommet du Forum Global Gateway. Il y plaidait pour un d\u00e9veloppement \u00e9quitable, pour la lutte contre la pauvret\u00e9 et l\u2019exclusion. Mais comment d\u00e9fendre ces nobles causes \u00e0 l\u2019international quand, chez soi, les deniers publics sont dilapid\u00e9s ? Comment convaincre les partenaires \u00e9trangers de la sinc\u00e9rit\u00e9 des r\u00e9formes quand l\u2019administration nationale ruine, par sa corruption, les efforts engag\u00e9s ?<\/p>\n<p>Ce rapport r\u00e9v\u00e8le une chose essentielle : les pratiques de malversation, loin d\u2019\u00eatre r\u00e9siduelles, sont structurelles. Les fonds d\u2019investissement et de fonctionnement sont d\u00e9pec\u00e9s m\u00e9thodiquement, parfois avec une telle opacit\u00e9 que des financements entiers \u2014 y compris ext\u00e9rieurs \u2014 disparaissent sans la moindre trace.<\/p>\n<p>Le chef de l\u2019\u00c9tat, qui avait mis\u00e9 sur certains hauts fonctionnaires r\u00e9put\u00e9s pour leur probit\u00e9, d\u00e9couvre peut-\u00eatre aujourd\u2019hui l\u2019ampleur du d\u00e9sastre. La moralisation de la vie publique \u2013 se heurte \u00e0 la r\u00e9alit\u00e9 brute d\u2019un syst\u00e8me rong\u00e9 par les int\u00e9r\u00eats priv\u00e9s. Tant que l&#8217;impunit\u00e9 pr\u00e9vaut.<\/p>\n<p>D\u00e9sormais, une seule question br\u00fble toutes les l\u00e8vres : le pr\u00e9sident va-t-il s\u00e9vir contre les gab\u00e9gistes?  Certains des responsables \u00e9pingl\u00e9s sont encore en poste, au c\u0153ur m\u00eame de la machine gouvernementale.<\/p>\n<p>L\u2019heure de v\u00e9rit\u00e9 approche. L\u2019opinion publique, elle, n\u2019attendra pas &#8220;ad aeternam&#8221;. Alors Wait and see.<br \/>\nJedna DEIDA<\/p>\n","protected":false},"excerpt":{"rendered":"<p>Le mot n\u2019est pas trop fort : accablant. Le dernier rapport 2022-2023 de la Cour des comptes sur la gestion des finances publiques est un v\u00e9ritable r\u00e9quisitoire. Aucun secteur n\u2019\u00e9chappe \u00e0 la gabegie, m\u00eame si certains se distinguent par l\u2019ampleur de la pr\u00e9varication, pratiqu\u00e9e souvent \u00e0 visage d\u00e9couvert. Les exemples sont nombreux, et nous y &hellip;<\/p>\n","protected":false},"author":2,"featured_media":18371,"comment_status":"open","ping_status":"open","sticky":false,"template":"","format":"standard","meta":{"footnotes":""},"categories":[18,2],"tags":[],"class_list":["post-18606","post","type-post","status-publish","format-standard","has-post-thumbnail","hentry","category-actualites","category-economie"],"_links":{"self":[{"href":"https:\/\/ladepeche.mr\/index.php?rest_route=\/wp\/v2\/posts\/18606","targetHints":{"allow":["GET"]}}],"collection":[{"href":"https:\/\/ladepeche.mr\/index.php?rest_route=\/wp\/v2\/posts"}],"about":[{"href":"https:\/\/ladepeche.mr\/index.php?rest_route=\/wp\/v2\/types\/post"}],"author":[{"embeddable":true,"href":"https:\/\/ladepeche.mr\/index.php?rest_route=\/wp\/v2\/users\/2"}],"replies":[{"embeddable":true,"href":"https:\/\/ladepeche.mr\/index.php?rest_route=%2Fwp%2Fv2%2Fcomments&post=18606"}],"version-history":[{"count":6,"href":"https:\/\/ladepeche.mr\/index.php?rest_route=\/wp\/v2\/posts\/18606\/revisions"}],"predecessor-version":[{"id":18615,"href":"https:\/\/ladepeche.mr\/index.php?rest_route=\/wp\/v2\/posts\/18606\/revisions\/18615"}],"wp:featuredmedia":[{"embeddable":true,"href":"https:\/\/ladepeche.mr\/index.php?rest_route=\/wp\/v2\/media\/18371"}],"wp:attachment":[{"href":"https:\/\/ladepeche.mr\/index.php?rest_route=%2Fwp%2Fv2%2Fmedia&parent=18606"}],"wp:term":[{"taxonomy":"category","embeddable":true,"href":"https:\/\/ladepeche.mr\/index.php?rest_route=%2Fwp%2Fv2%2Fcategories&post=18606"},{"taxonomy":"post_tag","embeddable":true,"href":"https:\/\/ladepeche.mr\/index.php?rest_route=%2Fwp%2Fv2%2Ftags&post=18606"}],"curies":[{"name":"wp","href":"https:\/\/api.w.org\/{rel}","templated":true}]}}