{"id":1861,"date":"2022-09-12T12:17:01","date_gmt":"2022-09-12T12:17:01","guid":{"rendered":"https:\/\/ladepeche.mr\/?p=1861"},"modified":"2022-09-12T12:17:01","modified_gmt":"2022-09-12T12:17:01","slug":"le-lancement-des-activites-de-la-saison-culturelle-et-sportive-du-club-culturel-debden","status":"publish","type":"post","link":"https:\/\/ladepeche.mr\/?p=1861","title":{"rendered":"Le lancement des activit\u00e9s de la saison culturelle et sportive du Club culturel d\u2019Ebden"},"content":{"rendered":"<p>Les activit\u00e9s de la quatri\u00e8me \u00e9dition de la saison culturelle et sportive du Club Culturel d\u2019Ebden ont d\u00e9but\u00e9 hier, samedi, dans le village d\u2019Ebden, relevant de la moughataa de Keurmacen.<\/p>\n<p>Le pr\u00e9sident du club, M. Ali Ould Lehbib, a soulign\u00e9 que l\u2019organisation de cette saison culturelle et sportive s\u2019inscrit dans le cadre de la politique de valorisation et de dynamisation du patrimoine et d\u2019encouragement des talents, mettant en exergue le r\u00f4le important des clubs culturels dans l\u2019\u00e9ducation et la sensibilisation de la soci\u00e9t\u00e9.<\/p>\n<p>Le match de football d\u2019ouverture organis\u00e9 dans le cadre de ces activit\u00e9s, qui a oppos\u00e9 l\u2019\u00e9quipe des champions \u00e0 l\u2019\u00e9quipe Trarza, s\u2019est sold\u00e9 par un match nul (0 \u00e0 0). Ce tournoi sportif se poursuivra jusqu\u2019au 20 septembre courant.<\/p>\n<p>La c\u00e9r\u00e9monie du coup d\u2019envoi des activit\u00e9s de cette saison culturelle s\u2019est d\u00e9roul\u00e9e en pr\u00e9sence du chef de l\u2019arrondissement administratif de Ndiago, du capitaine Ahmedou Bamba Ould Ahmed et du maire de la Commune de Ndiago, M. Boidiel Ould Houmeid.<\/p>\n<p>Ami<\/p>\n","protected":false},"excerpt":{"rendered":"<p>Les activit\u00e9s de la quatri\u00e8me \u00e9dition de la saison culturelle et sportive du Club Culturel d\u2019Ebden ont d\u00e9but\u00e9 hier, samedi, dans le village d\u2019Ebden, relevant de la moughataa de Keurmacen. Le pr\u00e9sident du club, M. Ali Ould Lehbib, a soulign\u00e9 que l\u2019organisation de cette saison culturelle et sportive s\u2019inscrit dans le cadre de la politique &hellip;<\/p>\n","protected":false},"author":2,"featured_media":1862,"comment_status":"open","ping_status":"open","sticky":false,"template":"","format":"standard","meta":{"footnotes":""},"categories":[15],"tags":[],"class_list":["post-1861","post","type-post","status-publish","format-standard","has-post-thumbnail","hentry","category-culture"],"_links":{"self":[{"href":"https:\/\/ladepeche.mr\/index.php?rest_route=\/wp\/v2\/posts\/1861","targetHints":{"allow":["GET"]}}],"collection":[{"href":"https:\/\/ladepeche.mr\/index.php?rest_route=\/wp\/v2\/posts"}],"about":[{"href":"https:\/\/ladepeche.mr\/index.php?rest_route=\/wp\/v2\/types\/post"}],"author":[{"embeddable":true,"href":"https:\/\/ladepeche.mr\/index.php?rest_route=\/wp\/v2\/users\/2"}],"replies":[{"embeddable":true,"href":"https:\/\/ladepeche.mr\/index.php?rest_route=%2Fwp%2Fv2%2Fcomments&post=1861"}],"version-history":[{"count":1,"href":"https:\/\/ladepeche.mr\/index.php?rest_route=\/wp\/v2\/posts\/1861\/revisions"}],"predecessor-version":[{"id":1863,"href":"https:\/\/ladepeche.mr\/index.php?rest_route=\/wp\/v2\/posts\/1861\/revisions\/1863"}],"wp:featuredmedia":[{"embeddable":true,"href":"https:\/\/ladepeche.mr\/index.php?rest_route=\/wp\/v2\/media\/1862"}],"wp:attachment":[{"href":"https:\/\/ladepeche.mr\/index.php?rest_route=%2Fwp%2Fv2%2Fmedia&parent=1861"}],"wp:term":[{"taxonomy":"category","embeddable":true,"href":"https:\/\/ladepeche.mr\/index.php?rest_route=%2Fwp%2Fv2%2Fcategories&post=1861"},{"taxonomy":"post_tag","embeddable":true,"href":"https:\/\/ladepeche.mr\/index.php?rest_route=%2Fwp%2Fv2%2Ftags&post=1861"}],"curies":[{"name":"wp","href":"https:\/\/api.w.org\/{rel}","templated":true}]}}