{"id":18644,"date":"2025-10-14T01:37:31","date_gmt":"2025-10-14T01:37:31","guid":{"rendered":"https:\/\/ladepeche.mr\/?p=18644"},"modified":"2025-10-14T01:37:31","modified_gmt":"2025-10-14T01:37:31","slug":"partenariat-la-rim-et-la-bm-en-discussion-a-washington","status":"publish","type":"post","link":"https:\/\/ladepeche.mr\/?p=18644","title":{"rendered":"Partenariat: la RIM et la BM en discussion \u00e0 Washington"},"content":{"rendered":"<p>En marge des Assembl\u00e9es annuelles du Groupe de la Banque mondiale et du Fonds mon\u00e9taire international, le ministre mauritanien des Affaires \u00e9conomiques et du D\u00e9veloppement, Dr Abdallah Ould Souleymane Ould Cheikh Sidia, a rencontr\u00e9 ce lundi Mme Keiko Miwa, directrice des op\u00e9rations de la Banque mondiale pour l\u2019Afrique de l\u2019Ouest.<br \/>\nLors de cette s\u00e9ance de travail, les deux responsables ont discut\u00e9 des voies et moyens pour renforcer la coop\u00e9ration entre la Mauritanie et l\u2019institution financi\u00e8re internationale. Au c\u0153ur des \u00e9changes : l\u2019appui aux programmes de transformation \u00e9conomique, l\u2019\u00e9largissement du portefeuille de projets, ainsi que le soutien aux secteurs cl\u00e9s tels que les infrastructures, l\u2019\u00e9nergie, l\u2019agriculture et l\u2019\u00e9ducation.<br \/>\nLes discussions ont \u00e9galement port\u00e9 sur les m\u00e9canismes d\u2019accompagnement des r\u00e9formes structurelles entreprises par Nouakchott, dans une optique de croissance durable et d\u2019am\u00e9lioration du climat des affaires. La Banque mondiale a r\u00e9affirm\u00e9 son engagement \u00e0 soutenir les efforts de d\u00e9veloppement du pays.<br \/>\nCette rencontre s\u2019inscrit dans une s\u00e9rie d\u2019entretiens bilat\u00e9raux men\u00e9s par le ministre \u00e0 Washington. Objectif : consolider le partenariat strat\u00e9gique entre la Mauritanie et les grandes institutions financi\u00e8res internationales, tout en explorant de nouvelles opportunit\u00e9s de coop\u00e9ration.<br \/>\n(avec communiqu\u00e9 MAED)<\/p>\n","protected":false},"excerpt":{"rendered":"<p>En marge des Assembl\u00e9es annuelles du Groupe de la Banque mondiale et du Fonds mon\u00e9taire international, le ministre mauritanien des Affaires \u00e9conomiques et du D\u00e9veloppement, Dr Abdallah Ould Souleymane Ould Cheikh Sidia, a rencontr\u00e9 ce lundi Mme Keiko Miwa, directrice des op\u00e9rations de la Banque mondiale pour l\u2019Afrique de l\u2019Ouest. Lors de cette s\u00e9ance de &hellip;<\/p>\n","protected":false},"author":2,"featured_media":18639,"comment_status":"open","ping_status":"open","sticky":false,"template":"","format":"standard","meta":{"footnotes":""},"categories":[18,2],"tags":[],"class_list":["post-18644","post","type-post","status-publish","format-standard","has-post-thumbnail","hentry","category-actualites","category-economie"],"_links":{"self":[{"href":"https:\/\/ladepeche.mr\/index.php?rest_route=\/wp\/v2\/posts\/18644","targetHints":{"allow":["GET"]}}],"collection":[{"href":"https:\/\/ladepeche.mr\/index.php?rest_route=\/wp\/v2\/posts"}],"about":[{"href":"https:\/\/ladepeche.mr\/index.php?rest_route=\/wp\/v2\/types\/post"}],"author":[{"embeddable":true,"href":"https:\/\/ladepeche.mr\/index.php?rest_route=\/wp\/v2\/users\/2"}],"replies":[{"embeddable":true,"href":"https:\/\/ladepeche.mr\/index.php?rest_route=%2Fwp%2Fv2%2Fcomments&post=18644"}],"version-history":[{"count":1,"href":"https:\/\/ladepeche.mr\/index.php?rest_route=\/wp\/v2\/posts\/18644\/revisions"}],"predecessor-version":[{"id":18645,"href":"https:\/\/ladepeche.mr\/index.php?rest_route=\/wp\/v2\/posts\/18644\/revisions\/18645"}],"wp:featuredmedia":[{"embeddable":true,"href":"https:\/\/ladepeche.mr\/index.php?rest_route=\/wp\/v2\/media\/18639"}],"wp:attachment":[{"href":"https:\/\/ladepeche.mr\/index.php?rest_route=%2Fwp%2Fv2%2Fmedia&parent=18644"}],"wp:term":[{"taxonomy":"category","embeddable":true,"href":"https:\/\/ladepeche.mr\/index.php?rest_route=%2Fwp%2Fv2%2Fcategories&post=18644"},{"taxonomy":"post_tag","embeddable":true,"href":"https:\/\/ladepeche.mr\/index.php?rest_route=%2Fwp%2Fv2%2Ftags&post=18644"}],"curies":[{"name":"wp","href":"https:\/\/api.w.org\/{rel}","templated":true}]}}