{"id":18650,"date":"2025-10-14T13:19:56","date_gmt":"2025-10-14T13:19:56","guid":{"rendered":"https:\/\/ladepeche.mr\/?p=18650"},"modified":"2025-10-14T13:19:56","modified_gmt":"2025-10-14T13:19:56","slug":"enseignement-des-langues-nationales-un-succes-grandissant-selon-le-directeur-de-lipelan","status":"publish","type":"post","link":"https:\/\/ladepeche.mr\/?p=18650","title":{"rendered":"Enseignement des langues nationales : un succ\u00e8s grandissant selon le directeur de l\u2019IPELAN"},"content":{"rendered":"<p>Avec la rentr\u00e9e scolaire, le programme d\u2019enseignement des langues nationales conna\u00eet une nouvelle avanc\u00e9e : 55 classes suppl\u00e9mentaires viennent s\u2019ajouter aux 25 d\u00e9j\u00e0 en place, portant le total \u00e0 80 classes en seulement deux ans.<\/p>\n<p>Initialement lanc\u00e9e \u00e0 titre exp\u00e9rimental, cette initiative d\u2019introduction du peulh, du sonink\u00e9 et du wolof dans les \u00e9coles publiques s\u2019est progressivement \u00e9tendue \u00e0 plusieurs r\u00e9gions du pays. Ce d\u00e9veloppement s\u2019inscrit dans le cadre de la mise en \u0153uvre de la loi d\u2019orientation sur l\u2019\u00e9ducation, qui reconna\u00eet la place des langues nationales dans le syst\u00e8me scolaire.<br \/>\nL\u2019IPELAN cr\u00e9\u00e9 en 2022 a pour mission fondamentale : \u00ab int\u00e9grer les langues nationales \u2013 pulaar, sonink\u00e9 et wolof \u2013 dans le syst\u00e8me \u00e9ducatif mauritanien \u00e0 la fois comme objets d&#8217;enseignement et comme m\u00e9diums d&#8217;apprentissage\u00bb.<\/p>\n<p>Selon les responsables de l\u2019Institut pour la promotion et l\u2019enseignement des langues nationales (IPELAN), cette exp\u00e9rience suscite un r\u00e9el engouement. Le directeur g\u00e9n\u00e9ral de l\u2019Institut, Bouh Tandia, souligne l\u2019int\u00e9r\u00eat croissant que lui portent aussi bien les autorit\u00e9s que les citoyens. Ce dynamisme s\u2019est traduit notamment par le recrutement de 55 enseignants suppl\u00e9mentaires.<\/p>\n<p>Dans un entretien avec 360.ma, Bouh Tandia a exprim\u00e9 sa satisfaction : \u00ab Pour cette premi\u00e8re ann\u00e9e, tout s\u2019est d\u00e9roul\u00e9 dans de bonnes conditions, tant sur le plan p\u00e9dagogique qu\u2019administratif. \u00bb Il pr\u00e9cise que les premi\u00e8res 25 classes avaient \u00e9t\u00e9 r\u00e9parties \u00e0 travers le pays, avec des missions r\u00e9guli\u00e8res de suivi assur\u00e9es par l\u2019Institut. Il se f\u00e9licite par ailleurs du niveau atteint par les \u00e9l\u00e8ves, de la mobilisation des enseignants, ainsi que du soutien manifeste des parents et des autorit\u00e9s locales.<\/p>\n<p>L\u2019introduction des langues nationales \u00e0 l\u2019\u00e9cole repr\u00e9sente bien plus qu\u2019un simple choix p\u00e9dagogique pour l&#8217;acquisition des connaissances. Elle r\u00e9pond aussi \u00e0 une demande de longue date, formul\u00e9e comme une revendication culturelle et politique. En plus de renforcer l\u2019inclusion, cette d\u00e9marche facilite les \u00e9changes entre jeunes issus de diff\u00e9rentes communaut\u00e9s, contribuant ainsi \u00e0 une meilleure coh\u00e9sion sociale.<br \/>\n(avec m\u00e9dias)<br \/>\nPhoto 360.ma<\/p>\n","protected":false},"excerpt":{"rendered":"<p>Avec la rentr\u00e9e scolaire, le programme d\u2019enseignement des langues nationales conna\u00eet une nouvelle avanc\u00e9e : 55 classes suppl\u00e9mentaires viennent s\u2019ajouter aux 25 d\u00e9j\u00e0 en place, portant le total \u00e0 80 classes en seulement deux ans. Initialement lanc\u00e9e \u00e0 titre exp\u00e9rimental, cette initiative d\u2019introduction du peulh, du sonink\u00e9 et du wolof dans les \u00e9coles publiques s\u2019est &hellip;<\/p>\n","protected":false},"author":2,"featured_media":18651,"comment_status":"open","ping_status":"open","sticky":false,"template":"","format":"standard","meta":{"footnotes":""},"categories":[18,15],"tags":[],"class_list":["post-18650","post","type-post","status-publish","format-standard","has-post-thumbnail","hentry","category-actualites","category-culture"],"_links":{"self":[{"href":"https:\/\/ladepeche.mr\/index.php?rest_route=\/wp\/v2\/posts\/18650","targetHints":{"allow":["GET"]}}],"collection":[{"href":"https:\/\/ladepeche.mr\/index.php?rest_route=\/wp\/v2\/posts"}],"about":[{"href":"https:\/\/ladepeche.mr\/index.php?rest_route=\/wp\/v2\/types\/post"}],"author":[{"embeddable":true,"href":"https:\/\/ladepeche.mr\/index.php?rest_route=\/wp\/v2\/users\/2"}],"replies":[{"embeddable":true,"href":"https:\/\/ladepeche.mr\/index.php?rest_route=%2Fwp%2Fv2%2Fcomments&post=18650"}],"version-history":[{"count":1,"href":"https:\/\/ladepeche.mr\/index.php?rest_route=\/wp\/v2\/posts\/18650\/revisions"}],"predecessor-version":[{"id":18652,"href":"https:\/\/ladepeche.mr\/index.php?rest_route=\/wp\/v2\/posts\/18650\/revisions\/18652"}],"wp:featuredmedia":[{"embeddable":true,"href":"https:\/\/ladepeche.mr\/index.php?rest_route=\/wp\/v2\/media\/18651"}],"wp:attachment":[{"href":"https:\/\/ladepeche.mr\/index.php?rest_route=%2Fwp%2Fv2%2Fmedia&parent=18650"}],"wp:term":[{"taxonomy":"category","embeddable":true,"href":"https:\/\/ladepeche.mr\/index.php?rest_route=%2Fwp%2Fv2%2Fcategories&post=18650"},{"taxonomy":"post_tag","embeddable":true,"href":"https:\/\/ladepeche.mr\/index.php?rest_route=%2Fwp%2Fv2%2Ftags&post=18650"}],"curies":[{"name":"wp","href":"https:\/\/api.w.org\/{rel}","templated":true}]}}