{"id":18653,"date":"2025-10-14T13:30:15","date_gmt":"2025-10-14T13:30:15","guid":{"rendered":"https:\/\/ladepeche.mr\/?p=18653"},"modified":"2025-10-14T13:25:28","modified_gmt":"2025-10-14T13:25:28","slug":"le-president-du-groupe-de-la-banque-africaine-de-developpement-sidi-ould-tah-se-joint-a-lelan-mondial-pour-transformer-la-jeunesse-en-moteur-de-leconomie","status":"publish","type":"post","link":"https:\/\/ladepeche.mr\/?p=18653","title":{"rendered":"Le pr\u00e9sident du Groupe de la Banque africaine de d\u00e9veloppement, Sidi Ould Tah, se joint \u00e0 l&#8217;\u00e9lan mondial pour transformer la jeunesse en moteur de l&#8217;\u00e9conomie"},"content":{"rendered":"<p>Washington, D.C., le 13 octobre 2025 &#8211; Le pr\u00e9sident du Groupe de la Banque africaine de d\u00e9veloppement, Sidi Ould Tah, s\u2019est joint lundi aux leaders mondiaux r\u00e9unis au sein du Conseil consultatif de haut niveau sur l\u2019emploi du Groupe de la Banque mondiale, se faisant le champion du dividende d\u00e9mographique de l\u2019Afrique et de la promotion de l\u2019emploi des jeunes.<\/p>\n<p>Invit\u00e9 par Ajay Banga, pr\u00e9sident du Groupe de la Banque mondiale, M. Ould Tah a particip\u00e9 \u00e0 la r\u00e9union du Conseil qui s\u2019est tenue en marge des Assembl\u00e9es annuelles 2025 du Groupe de la Banque mondiale et du Fonds mon\u00e9taire international (FMI) \u00e0 Washington, D.C. Le Conseil r\u00e9unit des dirigeants d\u2019institutions financi\u00e8res internationales, des ministres et des chefs d\u2019entreprises afin de cr\u00e9er des emplois par le biais d\u2019investissements \u00e0 fort impact.<\/p>\n<p>Alors qu\u2019il se trouve presqu\u2019\u00e0 mi-parcours de ses 100 premiers jours de mandat, la participation de M. Ould Tah souligne le ferme engagement de la Banque africaine de d\u00e9veloppement \u00e0 placer l\u2019emploi, la jeunesse et les opportunit\u00e9s au centre du programme de transformation de l\u2019Afrique.<\/p>\n<p>\u00ab\u2009La jeunesse africaine n\u2019est pas un fardeau \u00e0 g\u00e9rer\u2009; elle est le moteur de l\u2019avenir de notre continent, a d\u00e9clar\u00e9 M. Ould Tah. Nous devons investir dans les comp\u00e9tences ad\u00e9quates, formaliser l\u2019\u00e9conomie informelle et apporter un soutien massif aux MPME\u2009\u00bb.<\/p>\n<p>Cette ann\u00e9e, le Conseil de l\u2019emploi s\u2019est concentr\u00e9 sur le tourisme et la formation professionnelle, deux secteurs dans lesquels l\u2019Afrique rec\u00e8le un vaste potentiel inexploit\u00e9. Le tourisme repr\u00e9sente d\u00e9j\u00e0 un emploi sur 20 sur le continent, avec une forte participation des femmes et des jeunes. Cependant, plus de 80 % de ces travailleurs restent dans le secteur informel, sans protection sociale, sans acc\u00e8s au financement et sans perspectives de carri\u00e8re. Par ailleurs, l\u2019inad\u00e9quation persistante entre les syst\u00e8mes d\u2019\u00e9ducation et de formation et les besoins du march\u00e9 du travail continue de limiter l\u2019acc\u00e8s des jeunes Africains \u00e0 des emplois r\u00e9mun\u00e9rateurs et productifs. <\/p>\n<p>Le pr\u00e9sident du Groupe de la Banque a soulign\u00e9 le portefeuille croissant d\u2019initiatives de la Banque visant \u00e0 acc\u00e9l\u00e9rer la cr\u00e9ation d\u2019emplois, notamment sa Strat\u00e9gie pour l\u2019emploi des jeunes en Afrique, qui a mobilis\u00e9 plus de 105 milliards de dollars de financement et devrait g\u00e9n\u00e9rer 19 millions d\u2019emplois d\u2019ici fin 2025. Le Groupe de la Banque a \u00e9galement \u00e9labor\u00e9 le Syst\u00e8me de marqueurs pour la jeunesse, l\u2019emploi et les comp\u00e9tences, un nouvel outil de suivi de la qualit\u00e9 des emplois et de l\u2019inclusion dans les projets financ\u00e9s par la Banque.<\/p>\n<p>Il a \u00e9galement partag\u00e9 les le\u00e7ons tir\u00e9es du travail de la Banque en mati\u00e8re de soutien aux \u00e9cosyst\u00e8mes des micro, petites et moyennes entreprises ax\u00e9es sur le tourisme et de d\u00e9ploiement de programmes de d\u00e9veloppement des comp\u00e9tences privil\u00e9giant le num\u00e9rique, qui comblent les p\u00e9nuries de main-d\u2019\u0153uvre. <\/p>\n<p>La participation de M. Ould Tah au Conseil s\u2019inscrit dans le cadre d\u2019une s\u00e9rie d\u2019engagements de haut niveau au cours de ces Assembl\u00e9es annuelles, y compris des entretiens bilat\u00e9raux avec des ministres, des partenaires au d\u00e9veloppement et des dirigeants d\u2019entreprise. Ces \u00e9changes refl\u00e8tent les priorit\u00e9s strat\u00e9giques des Quatre points cardinaux \u2014 la mobilisation des capitaux \u00e0 grande \u00e9chelle, l\u2019unification des march\u00e9s, l\u2019industrialisation \u00e0 l\u2019\u00e9chelle locale et l\u2019investissement dans les talents et la technologie \u2014 qui constituent le sch\u00e9ma directeur de la transformation \u00e9conomique de l\u2019Afrique.<br \/>\nSource BAD<\/p>\n","protected":false},"excerpt":{"rendered":"<p>Washington, D.C., le 13 octobre 2025 &#8211; Le pr\u00e9sident du Groupe de la Banque africaine de d\u00e9veloppement, Sidi Ould Tah, s\u2019est joint lundi aux leaders mondiaux r\u00e9unis au sein du Conseil consultatif de haut niveau sur l\u2019emploi du Groupe de la Banque mondiale, se faisant le champion du dividende d\u00e9mographique de l\u2019Afrique et de la &hellip;<\/p>\n","protected":false},"author":2,"featured_media":10121,"comment_status":"open","ping_status":"open","sticky":false,"template":"","format":"standard","meta":{"footnotes":""},"categories":[18,29],"tags":[],"class_list":["post-18653","post","type-post","status-publish","format-standard","has-post-thumbnail","hentry","category-actualites","category-monde"],"_links":{"self":[{"href":"https:\/\/ladepeche.mr\/index.php?rest_route=\/wp\/v2\/posts\/18653","targetHints":{"allow":["GET"]}}],"collection":[{"href":"https:\/\/ladepeche.mr\/index.php?rest_route=\/wp\/v2\/posts"}],"about":[{"href":"https:\/\/ladepeche.mr\/index.php?rest_route=\/wp\/v2\/types\/post"}],"author":[{"embeddable":true,"href":"https:\/\/ladepeche.mr\/index.php?rest_route=\/wp\/v2\/users\/2"}],"replies":[{"embeddable":true,"href":"https:\/\/ladepeche.mr\/index.php?rest_route=%2Fwp%2Fv2%2Fcomments&post=18653"}],"version-history":[{"count":1,"href":"https:\/\/ladepeche.mr\/index.php?rest_route=\/wp\/v2\/posts\/18653\/revisions"}],"predecessor-version":[{"id":18654,"href":"https:\/\/ladepeche.mr\/index.php?rest_route=\/wp\/v2\/posts\/18653\/revisions\/18654"}],"wp:featuredmedia":[{"embeddable":true,"href":"https:\/\/ladepeche.mr\/index.php?rest_route=\/wp\/v2\/media\/10121"}],"wp:attachment":[{"href":"https:\/\/ladepeche.mr\/index.php?rest_route=%2Fwp%2Fv2%2Fmedia&parent=18653"}],"wp:term":[{"taxonomy":"category","embeddable":true,"href":"https:\/\/ladepeche.mr\/index.php?rest_route=%2Fwp%2Fv2%2Fcategories&post=18653"},{"taxonomy":"post_tag","embeddable":true,"href":"https:\/\/ladepeche.mr\/index.php?rest_route=%2Fwp%2Fv2%2Ftags&post=18653"}],"curies":[{"name":"wp","href":"https:\/\/api.w.org\/{rel}","templated":true}]}}