{"id":18672,"date":"2025-10-15T12:50:21","date_gmt":"2025-10-15T12:50:21","guid":{"rendered":"https:\/\/ladepeche.mr\/?p=18672"},"modified":"2025-10-15T12:50:21","modified_gmt":"2025-10-15T12:50:21","slug":"des-milliers-de-manifestants-a-udine-avant-le-match-de-qualification-italie-israel","status":"publish","type":"post","link":"https:\/\/ladepeche.mr\/?p=18672","title":{"rendered":"Des milliers de manifestants \u00e0 Udine avant le match de qualification Italie-Isra\u00ebl"},"content":{"rendered":"<p>Des milliers de manifestants ont envahi les rues d&#8217;Udine mardi, avant le match de qualification pour la Coupe du Monde de la FIFA entre l&#8217;Italie et Isra\u00ebl, entra\u00eenant des mesures de s\u00e9curit\u00e9 strictes dans toute la ville du nord-est de l&#8217;Italie.<\/p>\n<p>La marche, organis\u00e9e quelques heures avant le coup d&#8217;envoi, a \u00e9t\u00e9 tenue \u00e0 l&#8217;\u00e9cart du Stadio Friuli, d\u00e9sign\u00e9 comme un lieu \u00e0 haut risque malgr\u00e9 une r\u00e9cente tr\u00eave conclue \u00e0 Gaza.<\/p>\n<p>Les magasins et restaurants du centre d&#8217;Udine sont rest\u00e9s ferm\u00e9s, tandis que ceux qui ont ouvert ont \u00e9t\u00e9 somm\u00e9s de retirer les meubles et objets ext\u00e9rieurs pouvant \u00eatre utilis\u00e9s comme armes. La police a \u00e9rig\u00e9 des barrages routiers autour du stade, d\u00e9clar\u00e9 \u00ab zone rouge \u00bb, ne permettant l&#8217;entr\u00e9e qu&#8217;aux spectateurs munis de billets. Le bus de l&#8217;\u00e9quipe isra\u00e9lienne a b\u00e9n\u00e9fici\u00e9 d&#8217;une escorte de s\u00e9curit\u00e9 maximale lorsqu&#8217;il a quitt\u00e9 son h\u00f4tel, les autorit\u00e9s cherchant \u00e0 \u00e9viter les confrontations entre les manifestants et les spectateurs.<br \/>\nDe nombreux manifestants ont exprim\u00e9 leur scepticisme quant \u00e0 la durabilit\u00e9 de la tr\u00eave n\u00e9goci\u00e9e par les \u00c9tats-Unis entre Isra\u00ebl et le Hamas, brandissant des drapeaux et des banderoles appelant \u00e0 une paix durable \u00e0 Gaza. Avec un peu plus de 9 000 billets vendus pour le Stadio Friuli, qui peut accueillir 25 000 personnes, les organisateurs s&#8217;attendent \u00e0 ce que la manifestation \u00e0 l&#8217;ext\u00e9rieur soit plus nombreuse que la foule \u00e0 l&#8217;int\u00e9rieur du stade, alors que le match et la protestation se d\u00e9roulent sous une forte pr\u00e9sence polici\u00e8re.<br \/>\nhttps:\/\/www.msn.com\/fr-xl\/actualite\/other\/des-milliers-de-manifestants-%C3%A0-udine-avant-le-match-de-qualification-italie-isra%C3%ABl\/ar-AA1OvnQX?ocid=msedgntp&#038;pc=U531&#038;cvid=68ef944cb292408c81bc611d26ce25e6&#038;ei=10<\/p>\n","protected":false},"excerpt":{"rendered":"<p>Des milliers de manifestants ont envahi les rues d&#8217;Udine mardi, avant le match de qualification pour la Coupe du Monde de la FIFA entre l&#8217;Italie et Isra\u00ebl, entra\u00eenant des mesures de s\u00e9curit\u00e9 strictes dans toute la ville du nord-est de l&#8217;Italie. La marche, organis\u00e9e quelques heures avant le coup d&#8217;envoi, a \u00e9t\u00e9 tenue \u00e0 l&#8217;\u00e9cart &hellip;<\/p>\n","protected":false},"author":2,"featured_media":18673,"comment_status":"open","ping_status":"open","sticky":false,"template":"","format":"standard","meta":{"footnotes":""},"categories":[18],"tags":[],"class_list":["post-18672","post","type-post","status-publish","format-standard","has-post-thumbnail","hentry","category-actualites"],"_links":{"self":[{"href":"https:\/\/ladepeche.mr\/index.php?rest_route=\/wp\/v2\/posts\/18672","targetHints":{"allow":["GET"]}}],"collection":[{"href":"https:\/\/ladepeche.mr\/index.php?rest_route=\/wp\/v2\/posts"}],"about":[{"href":"https:\/\/ladepeche.mr\/index.php?rest_route=\/wp\/v2\/types\/post"}],"author":[{"embeddable":true,"href":"https:\/\/ladepeche.mr\/index.php?rest_route=\/wp\/v2\/users\/2"}],"replies":[{"embeddable":true,"href":"https:\/\/ladepeche.mr\/index.php?rest_route=%2Fwp%2Fv2%2Fcomments&post=18672"}],"version-history":[{"count":1,"href":"https:\/\/ladepeche.mr\/index.php?rest_route=\/wp\/v2\/posts\/18672\/revisions"}],"predecessor-version":[{"id":18674,"href":"https:\/\/ladepeche.mr\/index.php?rest_route=\/wp\/v2\/posts\/18672\/revisions\/18674"}],"wp:featuredmedia":[{"embeddable":true,"href":"https:\/\/ladepeche.mr\/index.php?rest_route=\/wp\/v2\/media\/18673"}],"wp:attachment":[{"href":"https:\/\/ladepeche.mr\/index.php?rest_route=%2Fwp%2Fv2%2Fmedia&parent=18672"}],"wp:term":[{"taxonomy":"category","embeddable":true,"href":"https:\/\/ladepeche.mr\/index.php?rest_route=%2Fwp%2Fv2%2Fcategories&post=18672"},{"taxonomy":"post_tag","embeddable":true,"href":"https:\/\/ladepeche.mr\/index.php?rest_route=%2Fwp%2Fv2%2Ftags&post=18672"}],"curies":[{"name":"wp","href":"https:\/\/api.w.org\/{rel}","templated":true}]}}