{"id":18678,"date":"2025-10-15T14:30:44","date_gmt":"2025-10-15T14:30:44","guid":{"rendered":"https:\/\/ladepeche.mr\/?p=18678"},"modified":"2025-10-15T14:04:35","modified_gmt":"2025-10-15T14:04:35","slug":"social-lancement-de-la-campagne-electorale-pour-la-representativite-syndicale-dans-le-secteur-public","status":"publish","type":"post","link":"https:\/\/ladepeche.mr\/?p=18678","title":{"rendered":"Social: Lancement de la campagne \u00e9lectorale pour la repr\u00e9sentativit\u00e9 syndicale dans le secteur public"},"content":{"rendered":"<p>Le comit\u00e9 technique charg\u00e9 de l\u2019organisation des \u00e9lections syndicales a annonc\u00e9 le lancement officiel de la campagne \u00e9lectorale pour la repr\u00e9sentativit\u00e9 syndicale dans le secteur public, ce mercredi 15 octobre \u00e0 minuit. Elle se poursuivra jusqu\u2019au 30 octobre \u00e0 minuit, selon un communiqu\u00e9 transmis \u00e0 l\u2019Agence mauritanienne d\u2019information.<\/p>\n<p>Le scrutin, pr\u00e9vu pour le samedi 1er novembre, vise \u00e0 \u00e9lire les repr\u00e9sentants des travailleurs dans les diff\u00e9rents secteurs de la fonction publique. Le processus, encadr\u00e9 par le gouvernement, s\u2019inscrit dans les orientations du pr\u00e9sident Mohamed Ould Cheikh El Ghazouani, en faveur de la transparence, du dialogue social et de la d\u00e9mocratie syndicale.<\/p>\n<p>Les candidatures ont \u00e9t\u00e9 ouvertes du 2 au 16 septembre, et les listes \u00e9lectorales sont en cours d\u2019examen jusqu\u2019au 15 octobre. Les autorit\u00e9s appellent \u00e0 une campagne respectueuse, \u00e9quitable et \u00e0 une participation active des syndicats et travailleurs.<\/p>\n","protected":false},"excerpt":{"rendered":"<p>Le comit\u00e9 technique charg\u00e9 de l\u2019organisation des \u00e9lections syndicales a annonc\u00e9 le lancement officiel de la campagne \u00e9lectorale pour la repr\u00e9sentativit\u00e9 syndicale dans le secteur public, ce mercredi 15 octobre \u00e0 minuit. Elle se poursuivra jusqu\u2019au 30 octobre \u00e0 minuit, selon un communiqu\u00e9 transmis \u00e0 l\u2019Agence mauritanienne d\u2019information. Le scrutin, pr\u00e9vu pour le samedi 1er &hellip;<\/p>\n","protected":false},"author":2,"featured_media":18679,"comment_status":"open","ping_status":"open","sticky":false,"template":"","format":"standard","meta":{"footnotes":""},"categories":[18,2],"tags":[],"class_list":["post-18678","post","type-post","status-publish","format-standard","has-post-thumbnail","hentry","category-actualites","category-economie"],"_links":{"self":[{"href":"https:\/\/ladepeche.mr\/index.php?rest_route=\/wp\/v2\/posts\/18678","targetHints":{"allow":["GET"]}}],"collection":[{"href":"https:\/\/ladepeche.mr\/index.php?rest_route=\/wp\/v2\/posts"}],"about":[{"href":"https:\/\/ladepeche.mr\/index.php?rest_route=\/wp\/v2\/types\/post"}],"author":[{"embeddable":true,"href":"https:\/\/ladepeche.mr\/index.php?rest_route=\/wp\/v2\/users\/2"}],"replies":[{"embeddable":true,"href":"https:\/\/ladepeche.mr\/index.php?rest_route=%2Fwp%2Fv2%2Fcomments&post=18678"}],"version-history":[{"count":1,"href":"https:\/\/ladepeche.mr\/index.php?rest_route=\/wp\/v2\/posts\/18678\/revisions"}],"predecessor-version":[{"id":18680,"href":"https:\/\/ladepeche.mr\/index.php?rest_route=\/wp\/v2\/posts\/18678\/revisions\/18680"}],"wp:featuredmedia":[{"embeddable":true,"href":"https:\/\/ladepeche.mr\/index.php?rest_route=\/wp\/v2\/media\/18679"}],"wp:attachment":[{"href":"https:\/\/ladepeche.mr\/index.php?rest_route=%2Fwp%2Fv2%2Fmedia&parent=18678"}],"wp:term":[{"taxonomy":"category","embeddable":true,"href":"https:\/\/ladepeche.mr\/index.php?rest_route=%2Fwp%2Fv2%2Fcategories&post=18678"},{"taxonomy":"post_tag","embeddable":true,"href":"https:\/\/ladepeche.mr\/index.php?rest_route=%2Fwp%2Fv2%2Ftags&post=18678"}],"curies":[{"name":"wp","href":"https:\/\/api.w.org\/{rel}","templated":true}]}}