{"id":18690,"date":"2025-10-15T18:45:27","date_gmt":"2025-10-15T18:45:27","guid":{"rendered":"https:\/\/ladepeche.mr\/?p=18690"},"modified":"2025-10-16T00:00:48","modified_gmt":"2025-10-16T00:00:48","slug":"elevage-nouvelle-strategie-pour-une-relance-du-secteur","status":"publish","type":"post","link":"https:\/\/ladepeche.mr\/?p=18690","title":{"rendered":"\u00c9levage : Nouvelle strat\u00e9gie pour une relance du secteur"},"content":{"rendered":"<p>Le Ministre de l\u2019\u00c9levage a pr\u00e9sent\u00e9 ce jeudi en Conseil des ministres une communication d\u00e9taill\u00e9e sur la situation actuelle du secteur de l\u2019\u00e9levage, ses principaux d\u00e9fis et les grandes orientations pour sa relance.<\/p>\n<p>La communication met en lumi\u00e8re les d\u00e9s\u00e9quilibres structurels qui freinent le plein d\u00e9veloppement de ce secteur cl\u00e9 de l\u2019\u00e9conomie nationale, pourtant vital pour les conditions de vie de nombreuses communaut\u00e9s rurales. Face \u00e0 ces constats, le ministre a propos\u00e9 une vision strat\u00e9gique renouvel\u00e9e, visant \u00e0 moderniser progressivement le secteur et \u00e0 en faire un levier de croissance durable et de r\u00e9silience pour les populations.<\/p>\n<p>Cette vision s\u2019articule autour de plusieurs axes majeurs :<\/p>\n<p>Une approche duale, reconnaissant la compl\u00e9mentarit\u00e9 entre l\u2019\u00e9levage traditionnel extensif \u2013 souvent bas\u00e9 sur la transhumance \u2013 et le d\u00e9veloppement de formes d\u2019\u00e9levage semi-intensif ou intensif.<\/p>\n<p>L\u2019\u00e9laboration et la mise en \u0153uvre d\u2019une politique globale claire, assortie d\u2019objectifs SMART (sp\u00e9cifiques, mesurables, atteignables, r\u00e9alistes et temporels).<\/p>\n<p>Le recrutement et la formation de ressources humaines qualifi\u00e9es pour accompagner cette transformation.<\/p>\n<p>La r\u00e9habilitation et le d\u00e9veloppement des infrastructures de base du secteur.<\/p>\n<p>Le lancement d\u2019un programme de d\u00e9veloppement du bassin laitier autour de l\u2019usine de N\u00e9ma, en partenariat avec la Soci\u00e9t\u00e9 Mauritanienne des Produits Laitiers, afin d\u2019apporter un appui direct aux producteurs locaux.<\/p>\n<p>Enfin, la mise en place d\u2019un m\u00e9canisme int\u00e9gr\u00e9 de soutien \u00e0 la maintenance de cette usine afin d\u2019assurer la p\u00e9rennit\u00e9 et l\u2019efficacit\u00e9 de ses activit\u00e9s.<\/p>\n<p>Selon le ministre, cette strat\u00e9gie permettra non seulement d&#8217;am\u00e9liorer la productivit\u00e9 du secteur, mais aussi de renforcer sa contribution \u00e0 la s\u00e9curit\u00e9 alimentaire, \u00e0 la cr\u00e9ation d&#8217;emplois et \u00e0 la r\u00e9duction de la pauvret\u00e9.<br \/>\nL&#8217;\u00e9levage reste pour la Mauritanie est un secteur vital qui contribue de mani\u00e8re significative \u00e0 l&#8217;\u00e9conomie nationale. &#8220;Le cheptel est estim\u00e9 \u00e0 environ 1,3 million de cam\u00e9lid\u00e9s, 1,4 million de bovins, et pr\u00e8s de 12 millions de petits ruminants. La production annuelle comprend 67 000 tonnes de viande et 360 000 tonnes de lait&#8221; tient-on de bonne source.<\/p>\n","protected":false},"excerpt":{"rendered":"<p>Le Ministre de l\u2019\u00c9levage a pr\u00e9sent\u00e9 ce jeudi en Conseil des ministres une communication d\u00e9taill\u00e9e sur la situation actuelle du secteur de l\u2019\u00e9levage, ses principaux d\u00e9fis et les grandes orientations pour sa relance. La communication met en lumi\u00e8re les d\u00e9s\u00e9quilibres structurels qui freinent le plein d\u00e9veloppement de ce secteur cl\u00e9 de l\u2019\u00e9conomie nationale, pourtant vital &hellip;<\/p>\n","protected":false},"author":2,"featured_media":4498,"comment_status":"open","ping_status":"open","sticky":false,"template":"","format":"standard","meta":{"footnotes":""},"categories":[18,2],"tags":[],"class_list":["post-18690","post","type-post","status-publish","format-standard","has-post-thumbnail","hentry","category-actualites","category-economie"],"_links":{"self":[{"href":"https:\/\/ladepeche.mr\/index.php?rest_route=\/wp\/v2\/posts\/18690","targetHints":{"allow":["GET"]}}],"collection":[{"href":"https:\/\/ladepeche.mr\/index.php?rest_route=\/wp\/v2\/posts"}],"about":[{"href":"https:\/\/ladepeche.mr\/index.php?rest_route=\/wp\/v2\/types\/post"}],"author":[{"embeddable":true,"href":"https:\/\/ladepeche.mr\/index.php?rest_route=\/wp\/v2\/users\/2"}],"replies":[{"embeddable":true,"href":"https:\/\/ladepeche.mr\/index.php?rest_route=%2Fwp%2Fv2%2Fcomments&post=18690"}],"version-history":[{"count":1,"href":"https:\/\/ladepeche.mr\/index.php?rest_route=\/wp\/v2\/posts\/18690\/revisions"}],"predecessor-version":[{"id":18692,"href":"https:\/\/ladepeche.mr\/index.php?rest_route=\/wp\/v2\/posts\/18690\/revisions\/18692"}],"wp:featuredmedia":[{"embeddable":true,"href":"https:\/\/ladepeche.mr\/index.php?rest_route=\/wp\/v2\/media\/4498"}],"wp:attachment":[{"href":"https:\/\/ladepeche.mr\/index.php?rest_route=%2Fwp%2Fv2%2Fmedia&parent=18690"}],"wp:term":[{"taxonomy":"category","embeddable":true,"href":"https:\/\/ladepeche.mr\/index.php?rest_route=%2Fwp%2Fv2%2Fcategories&post=18690"},{"taxonomy":"post_tag","embeddable":true,"href":"https:\/\/ladepeche.mr\/index.php?rest_route=%2Fwp%2Fv2%2Ftags&post=18690"}],"curies":[{"name":"wp","href":"https:\/\/api.w.org\/{rel}","templated":true}]}}