{"id":18699,"date":"2025-10-16T15:14:13","date_gmt":"2025-10-16T15:14:13","guid":{"rendered":"https:\/\/ladepeche.mr\/?p=18699"},"modified":"2025-10-16T15:14:13","modified_gmt":"2025-10-16T15:14:13","slug":"marge-de-verite-preparation-du-dialogue-une-page-se-tourne","status":"publish","type":"post","link":"https:\/\/ladepeche.mr\/?p=18699","title":{"rendered":"Marge de v\u00e9rit\u00e9: Pr\u00e9paration du dialogue, une page se tourne!"},"content":{"rendered":"<p>Moussa Fall, coordinateur de la phase de pr\u00e9paration du prochain dialogue, a d\u00e9clar\u00e9 lors d&#8217;une conf\u00e9rence de presse tenue ce jeudi 16 octobre 2025 que  la phase de pr\u00e9paration  a commenc\u00e9 le 9 mars par un discours du pr\u00e9sident de la R\u00e9publique \u00e0 l\u2019occasion d\u2019une r\u00e9ception organis\u00e9e en l\u2019honneur des partis politiques reconnus et des derniers candidats \u00e0 la pr\u00e9sidentielle. Cette annonce, pr\u00e9cise-t-il, avait \u00e9t\u00e9 pr\u00e9c\u00e9d\u00e9e par un engagement du pr\u00e9sident de la R\u00e9publique dans le cadre de son programme de campagne . Dans ce programme, le chef de l\u2019\u00c9tat avait annonc\u00e9 l\u2019organisation d\u2019un dialogue inclusif ayant pour objectif de repenser le mod\u00e8le de d\u00e9veloppement du pays et de parvenir \u00e0 un nouveau contrat social . Il n\u2019en avait pas d\u00e9fini les contours , car il avait pr\u00e9f\u00e9r\u00e9 poser des objectifs \u00e0 la classe politique, \u00e0 la soci\u00e9t\u00e9 civile et aux personnalit\u00e9s ind\u00e9pendantes pour qu\u2019elles en d\u00e9finissent le contenu, autrement dit pour qu\u2019elles d\u00e9terminent ensemble ce que nous voulons faire de la Mauritanie du futur .<\/p>\n<p>En posant ces objectifs, le chef de l\u2019\u00c9tat a montr\u00e9 sa bonne disposition \u00e0 aller de l\u2019avant et le constat qu\u2019il a fait est clair : il faut renouveler, il faut changer, il faut parvenir \u00e0 un nouveau mod\u00e8le de d\u00e9veloppement . Sur la base de cette annonce, le pr\u00e9sident de la R\u00e9publique m\u2019a fait l\u2019honneur de me confier cette mission de coordination. Et, partant des exp\u00e9riences pass\u00e9es des dialogues pr\u00e9c\u00e9dents qui n\u2019ont pas donn\u00e9 les r\u00e9sultats attendus, nous avons opt\u00e9 pour une d\u00e9marche nouvelle, innovante et prudente. Cette d\u00e9marche nous a demand\u00e9 sept mois de travail, mais elle a eu l\u2019avantage de pr\u00e9parer le terrain au dialogue, d\u2019identifier les facteurs possibles d\u2019\u00e9chec, de pr\u00e9voir les mesures pr\u00e9ventives et de pr\u00e9parer l\u2019opinion pour entrer dans un dialogue constructif et r\u00e9ussi .<\/p>\n<p>Nous avons donc \u00e9labor\u00e9 un questionnaire que nous avons transmis aux vingt partis politiques reconnus et aux cinq derniers candidats \u00e0 la pr\u00e9sidentielle. Nous avons \u00e9galement re\u00e7u un tr\u00e8s grand nombre d\u2019acteurs de la soci\u00e9t\u00e9 civile, de partis en construction et de personnalit\u00e9s ind\u00e9pendantes. L\u2019ensemble des r\u00e9ponses et des r\u00e9actions re\u00e7ues nous a permis de faire une premi\u00e8re synth\u00e8se, que nous avons transform\u00e9e en une feuille de route que nous avons renvoy\u00e9e \u00e0 toutes les parties prenantes pour recueillir leurs observations. Nous avons ensuite tenu compte de ces derni\u00e8res observations dans le rapport que nous avons remis au pr\u00e9sident de la R\u00e9publique.<\/p>\n<p>La quasi-totalit\u00e9 des vingt partis est venue de fa\u00e7on individuelle, mais aussi regroup\u00e9e. Les treize partis de la majorit\u00e9 sont venus ensemble et ont d\u00e9pos\u00e9 leur proposition commune. Les quatre partis parlementaires de l\u2019opposition sont \u00e9galement venus et ont d\u00e9pos\u00e9 leur proposition. Enfin, un autre p\u00f4le regroupant des partis non repr\u00e9sent\u00e9s au Parlement et des personnalit\u00e9s ind\u00e9pendantes est venu d\u00e9poser ses propositions. Ce que nous avons constat\u00e9, c\u2019est que les diff\u00e9rentes propositions se recoupent largement. Soixante-quinze pour cent des r\u00e9ponses placent le probl\u00e8me de l\u2019esclavage et de ses s\u00e9quelles en priorit\u00e9, soixante-douze pour cent \u00e9voquent le probl\u00e8me du passif humanitaire comme prioritaire, et les autres pr\u00e9occupations suivent un ordre d\u2019importance proche. L\u2019esprit que nous avons constat\u00e9 est positif, l\u2019int\u00e9r\u00eat pour le dialogue est grand et, de ce fait, nous pensons que les conditions sont d\u00e9sormais bonnes pour engager un dialogue. Dans la seconde partie du rapport, nous avons formul\u00e9 des propositions bas\u00e9es sur les \u00e9changes et les exp\u00e9riences pr\u00e9c\u00e9dentes ; elles concernent la seconde phase du dialogue.<\/p>\n<p>Apr\u00e8s cet expos\u00e9, Moussa Fall a donn\u00e9 la parole aux journalistes pour poser leurs questions. \u00c0 la question portant sur la rencontre entre les partis politiques et le pr\u00e9sident de la R\u00e9publique et sur l\u2019existence \u00e9ventuelle d\u2019un calendrier, il a r\u00e9pondu que le pr\u00e9sident de la R\u00e9publique a d\u00e9j\u00e0 eu une rencontre avec les quatre pr\u00e9sidents des partis d\u2019opposition repr\u00e9sent\u00e9s au Parlement. Le second p\u00f4le de l\u2019opposition, celui qui n\u2019est pas repr\u00e9sent\u00e9 au Parlement, est venu me voir et a d\u00e9pos\u00e9 sa proposition. \u00c0 l\u2019occasion de cette audience, ses repr\u00e9sentants ont exprim\u00e9 le d\u00e9sir de rencontrer le chef de l\u2019\u00c9tat. Je leur ai demand\u00e9 de constituer leur d\u00e9l\u00e9gation et de venir me voir pour un entretien, \u00e0 l\u2019issue duquel je transmettrai leur demande d\u2019audience au pr\u00e9sident de la R\u00e9publique. Je crois qu\u2019ils seront re\u00e7us .<\/p>\n<p>Une deuxi\u00e8me question portait sur l\u2019int\u00e9r\u00eat de ce dialogue maintenant, surtout que certains probl\u00e8mes rel\u00e8vent du domaine l\u00e9gislatif. Il a r\u00e9pondu que les rencontres entre les parties prenantes visent \u00e0 discuter des axes de la feuille de route. Si elles se mettent d\u2019accord, le pr\u00e9sident de la R\u00e9publique s\u2019est engag\u00e9 \u00e0 les appliquer. Il aurait pu entreprendre ces r\u00e9formes sans dialogue, mais il a voulu que toutes les parties prenantes se mettent d\u2019accord sur les r\u00e9formes dont la Mauritanie a besoin. Il veut que ce dialogue d\u00e9bouche sur des r\u00e9formes profondes et consensuelles .<\/p>\n<p>\u00c0 la troisi\u00e8me question, portant sur l\u2019absence de certains partis et la possibilit\u00e9 de r\u00e9ussite du dialogue, Moussa Fall a r\u00e9pondu que sa mission est celle de la pr\u00e9paration du dialogue et qu\u2019elle s\u2019ach\u00e8ve aujourd\u2019hui, mais cela ne l\u2019emp\u00eachera pas de suivre le dossier de l\u2019AJD\/MR et celui de Biram Dah Abeid. Concernant l\u2019AJD\/MR, il a expliqu\u00e9 avoir rencontr\u00e9 Ibrahima Sarr \u00e0 son domicile et le pr\u00e9sident Ba Bocar. Leur intention \u00e9tait de participer et de pr\u00e9senter leurs propositions au dialogue, mais il semble qu\u2019ils aient \u00e9t\u00e9 mis en minorit\u00e9, c\u2019est ce qu\u2019on lui a rapport\u00e9. Il a dit \u00e0 Ba Bocar , que ces jeunes qui ne veulent pas aller au dialogue auraient d\u00fb venir discuter avant de prendre leur d\u00e9cision . La d\u00e9marche la plus logique aurait \u00e9t\u00e9 celle du dialogue . Malgr\u00e9 tout, il a assur\u00e9 Ba Bocar que les probl\u00e8mes centraux du programme de son parti seront discut\u00e9s dans le cadre du dialogue et que les d\u00e9cisions prises leur seront favorables .<\/p>\n<p>Ce matin, a-t-il ajout\u00e9, j\u2019ai \u00e9chang\u00e9 avec Biram et nous continuons \u00e0 \u00e9changer. Ce qui m\u2019int\u00e9resse dans ma relation avec Biram, c\u2019est sa participation au dialogue. Il faut qu\u2019il y ait une nette distinction entre le dialogue et les relations parfois conflictuelles entre Biram et le pouvoir ex\u00e9cutif. Ce second volet ne me concerne pas, car je ne fais pas partie du pouvoir ex\u00e9cutif. Mais pour le premier, je suis dispos\u00e9 \u00e0 tout faire pour que Biram participe au dialogue. J\u2019ai essay\u00e9 de normaliser les relations entre lui et le pouvoir, mais cela n\u2019a pas donn\u00e9 les r\u00e9sultats esp\u00e9r\u00e9s. Je vous demande \u00e0 tous de nous aider. J\u2019ai dit \u00e0 Biram qu\u2019il a tout int\u00e9r\u00eat \u00e0 participer \u00e0 ce dialogue, car il ne peut pas se pr\u00e9senter aux \u00e9lections pr\u00e9sidentielles sans le parrainage d\u2019une partie de la majorit\u00e9. Pour un grand opposant comme lui, il serait pr\u00e9f\u00e9rable que cette clause soit discut\u00e9e dans le dialogue, afin que les difficult\u00e9s li\u00e9es au cautionnement puissent \u00eatre abord\u00e9es collectivement .<\/p>\n<p>\u00c0 la cinqui\u00e8me question, sur les difficult\u00e9s rencontr\u00e9es, il a r\u00e9pondu qu\u2019il n\u2019en a pas observ\u00e9. Il y a eu, dit-il, une \u00e9volution dans les esprits des Mauritaniens. Autrefois, certains disaient : \u00ab tel sujet, on n\u2019en veut pas \u00bb, ou \u00ab telle personne, on ne veut pas discuter avec elle \u00bb. Mais aujourd\u2019hui, en examinant les propositions, on constate qu\u2019elles se recoupent. Les gens sont dans un \u00e9tat d\u2019esprit positif et veulent que ce dialogue aboutisse \u00e0 des r\u00e9sultats concrets. Je ne vois pas de difficult\u00e9, si ce n\u2019est la non-participation des personnes que j\u2019ai cit\u00e9es auparavant, et d\u2019ici le lancement du dialogue, nous esp\u00e9rons que les choses \u00e9volueront positivement .<\/p>\n<p>Enfin, \u00e0 la derni\u00e8re question, portant sur la diff\u00e9rence entre ce dialogue et les pr\u00e9c\u00e9dents et sur les garanties de r\u00e9ussite, il a r\u00e9pondu que les anciens dialogues avaient \u00e9t\u00e9 conduits par des r\u00e9gimes ayant des objectifs sp\u00e9cifiques. Les participants y venaient sans pr\u00e9paration, et souvent, parmi eux, se trouvaient des grandes gueules et des applaudisseurs qui emp\u00eachaient un vrai d\u00e9bat . Cette fois, c\u2019est diff\u00e9rent : nous avons pris le temps, nous avons fait participer les gens \u00e0 la d\u00e9finition des axes \u00e0 discuter et \u00e0 la m\u00e9thode \u00e0 adopter. Notre m\u00e9thodologie n\u2019a suscit\u00e9 aucune contestation, et les acteurs se sont mis d\u2019accord. Le chef de l\u2019\u00c9tat, pour sa part, a affirm\u00e9 qu\u2019il n\u2019entrera pas dans le dialogue pour l\u2019orienter. Il n\u2019a pas d\u2019objectif cach\u00e9 : il est ouvert \u00e0 tous et s\u2019engage \u00e0 appliquer ce sur quoi les participants se seront mis d\u2019accord. C\u2019est cela qui diff\u00e9rencie ce dialogue de tous ceux qui l\u2019ont pr\u00e9c\u00e9d\u00e9 .<br \/>\nMohamed Ould Echriv Echriv<\/p>\n","protected":false},"excerpt":{"rendered":"<p>Moussa Fall, coordinateur de la phase de pr\u00e9paration du prochain dialogue, a d\u00e9clar\u00e9 lors d&#8217;une conf\u00e9rence de presse tenue ce jeudi 16 octobre 2025 que la phase de pr\u00e9paration a commenc\u00e9 le 9 mars par un discours du pr\u00e9sident de la R\u00e9publique \u00e0 l\u2019occasion d\u2019une r\u00e9ception organis\u00e9e en l\u2019honneur des partis politiques reconnus et des &hellip;<\/p>\n","protected":false},"author":2,"featured_media":17044,"comment_status":"open","ping_status":"open","sticky":false,"template":"","format":"standard","meta":{"footnotes":""},"categories":[18,31],"tags":[],"class_list":["post-18699","post","type-post","status-publish","format-standard","has-post-thumbnail","hentry","category-actualites","category-politique-et-reportages"],"_links":{"self":[{"href":"https:\/\/ladepeche.mr\/index.php?rest_route=\/wp\/v2\/posts\/18699","targetHints":{"allow":["GET"]}}],"collection":[{"href":"https:\/\/ladepeche.mr\/index.php?rest_route=\/wp\/v2\/posts"}],"about":[{"href":"https:\/\/ladepeche.mr\/index.php?rest_route=\/wp\/v2\/types\/post"}],"author":[{"embeddable":true,"href":"https:\/\/ladepeche.mr\/index.php?rest_route=\/wp\/v2\/users\/2"}],"replies":[{"embeddable":true,"href":"https:\/\/ladepeche.mr\/index.php?rest_route=%2Fwp%2Fv2%2Fcomments&post=18699"}],"version-history":[{"count":1,"href":"https:\/\/ladepeche.mr\/index.php?rest_route=\/wp\/v2\/posts\/18699\/revisions"}],"predecessor-version":[{"id":18700,"href":"https:\/\/ladepeche.mr\/index.php?rest_route=\/wp\/v2\/posts\/18699\/revisions\/18700"}],"wp:featuredmedia":[{"embeddable":true,"href":"https:\/\/ladepeche.mr\/index.php?rest_route=\/wp\/v2\/media\/17044"}],"wp:attachment":[{"href":"https:\/\/ladepeche.mr\/index.php?rest_route=%2Fwp%2Fv2%2Fmedia&parent=18699"}],"wp:term":[{"taxonomy":"category","embeddable":true,"href":"https:\/\/ladepeche.mr\/index.php?rest_route=%2Fwp%2Fv2%2Fcategories&post=18699"},{"taxonomy":"post_tag","embeddable":true,"href":"https:\/\/ladepeche.mr\/index.php?rest_route=%2Fwp%2Fv2%2Ftags&post=18699"}],"curies":[{"name":"wp","href":"https:\/\/api.w.org\/{rel}","templated":true}]}}