{"id":18704,"date":"2025-10-16T19:31:18","date_gmt":"2025-10-16T19:31:18","guid":{"rendered":"https:\/\/ladepeche.mr\/?p=18704"},"modified":"2025-10-16T19:31:18","modified_gmt":"2025-10-16T19:31:18","slug":"decret-presidentiel-portant-nomination-de-chefs-detats-majors-et-de-responsables-militaires","status":"publish","type":"post","link":"https:\/\/ladepeche.mr\/?p=18704","title":{"rendered":"D\u00e9cret pr\u00e9sidentiel portant nomination de chefs d\u2019\u00e9tats-majors et de responsables militaires"},"content":{"rendered":"<p>La Pr\u00e9sidence de la R\u00e9publique a annonc\u00e9 que, par d\u00e9cret publi\u00e9 ce jeudi, ont \u00e9t\u00e9 nomm\u00e9s:<\/p>\n<p>\u2013 Le G\u00e9n\u00e9ral de division Mohamed M\u2019Khaitir Cheikh Menni, Chef d\u2019\u00e9tat-major particulier du Pr\u00e9sident de la R\u00e9publique,<\/p>\n<p>\u2013 Le G\u00e9n\u00e9ral de Division Mohamed Cheikh Beidda, Chef d\u2019\u00e9tat-major g\u00e9n\u00e9ral des Arm\u00e9es adjoint,<\/p>\n<p>\u2013 Le G\u00e9n\u00e9ral de Division Abe Babty El Hadj Ahmed, Chef d\u2019\u00e9tat-major de l\u2019Arm\u00e9e de l\u2019Air,<\/p>\n<p>\u2013 Le G\u00e9n\u00e9ral de Brigade El Hacen Bamba Meguett, Inspecteur g\u00e9n\u00e9ral des Forces Arm\u00e9es et de S\u00e9curit\u00e9.<br \/>\nAmi<\/p>\n","protected":false},"excerpt":{"rendered":"<p>La Pr\u00e9sidence de la R\u00e9publique a annonc\u00e9 que, par d\u00e9cret publi\u00e9 ce jeudi, ont \u00e9t\u00e9 nomm\u00e9s: \u2013 Le G\u00e9n\u00e9ral de division Mohamed M\u2019Khaitir Cheikh Menni, Chef d\u2019\u00e9tat-major particulier du Pr\u00e9sident de la R\u00e9publique, \u2013 Le G\u00e9n\u00e9ral de Division Mohamed Cheikh Beidda, Chef d\u2019\u00e9tat-major g\u00e9n\u00e9ral des Arm\u00e9es adjoint, \u2013 Le G\u00e9n\u00e9ral de Division Abe Babty El &hellip;<\/p>\n","protected":false},"author":2,"featured_media":18458,"comment_status":"open","ping_status":"open","sticky":false,"template":"","format":"standard","meta":{"footnotes":""},"categories":[18],"tags":[],"class_list":["post-18704","post","type-post","status-publish","format-standard","has-post-thumbnail","hentry","category-actualites"],"_links":{"self":[{"href":"https:\/\/ladepeche.mr\/index.php?rest_route=\/wp\/v2\/posts\/18704","targetHints":{"allow":["GET"]}}],"collection":[{"href":"https:\/\/ladepeche.mr\/index.php?rest_route=\/wp\/v2\/posts"}],"about":[{"href":"https:\/\/ladepeche.mr\/index.php?rest_route=\/wp\/v2\/types\/post"}],"author":[{"embeddable":true,"href":"https:\/\/ladepeche.mr\/index.php?rest_route=\/wp\/v2\/users\/2"}],"replies":[{"embeddable":true,"href":"https:\/\/ladepeche.mr\/index.php?rest_route=%2Fwp%2Fv2%2Fcomments&post=18704"}],"version-history":[{"count":1,"href":"https:\/\/ladepeche.mr\/index.php?rest_route=\/wp\/v2\/posts\/18704\/revisions"}],"predecessor-version":[{"id":18705,"href":"https:\/\/ladepeche.mr\/index.php?rest_route=\/wp\/v2\/posts\/18704\/revisions\/18705"}],"wp:featuredmedia":[{"embeddable":true,"href":"https:\/\/ladepeche.mr\/index.php?rest_route=\/wp\/v2\/media\/18458"}],"wp:attachment":[{"href":"https:\/\/ladepeche.mr\/index.php?rest_route=%2Fwp%2Fv2%2Fmedia&parent=18704"}],"wp:term":[{"taxonomy":"category","embeddable":true,"href":"https:\/\/ladepeche.mr\/index.php?rest_route=%2Fwp%2Fv2%2Fcategories&post=18704"},{"taxonomy":"post_tag","embeddable":true,"href":"https:\/\/ladepeche.mr\/index.php?rest_route=%2Fwp%2Fv2%2Ftags&post=18704"}],"curies":[{"name":"wp","href":"https:\/\/api.w.org\/{rel}","templated":true}]}}