{"id":18718,"date":"2025-10-17T00:01:05","date_gmt":"2025-10-17T00:01:05","guid":{"rendered":"https:\/\/ladepeche.mr\/?p=18718"},"modified":"2025-10-17T00:01:05","modified_gmt":"2025-10-17T00:01:05","slug":"communique-officiel-dialogue-national-une-dynamique-exemplaire-saluee-par-el-avia-mownka","status":"publish","type":"post","link":"https:\/\/ladepeche.mr\/?p=18718","title":{"rendered":"COMMUNIQU\u00c9 OFFICIEL  Dialogue National : Une dynamique exemplaire salu\u00e9e par El Avia Mownka"},"content":{"rendered":"<p>Le Coordinateur du Dialogue National, M. Moussa Fall, a pr\u00e9sent\u00e9 son rapport d\u2019\u00e9tape au Pr\u00e9sident de la R\u00e9publique, suivi ce jour d\u2019une conf\u00e9rence publique.<br \/>\nCette conf\u00e9rence a mis en lumi\u00e8re le travail titanesque accompli en sept mois \u2014 au lieu des deux initialement pr\u00e9vus \u2014 par cette personnalit\u00e9 d\u2019envergure nationale.<\/p>\n<p>Au cours de cette mission, M. Moussa Fall a rencontr\u00e9 :<\/p>\n<p>&#8211; 20 partis politiques officiellement reconnus<\/p>\n<p>&#8211; 50 partis en cours de l\u00e9galisation<\/p>\n<p>&#8211; 240 personnalit\u00e9s nationales ind\u00e9pendantes<\/p>\n<p>&#8211; 1 500 citoyens issus de toutes les cat\u00e9gories sociales<\/p>\n<p>&#8211; 90 organisations de jeunesse, de la soci\u00e9t\u00e9 civile et de multiples associations<\/p>\n<p>Seules deux entit\u00e9s n\u2019ont pas encore accept\u00e9 de participer au dialogue :<br \/>\n L\u2019ancien candidat Birame Dah<br \/>\n Le parti AJD-MR<\/p>\n<p>La tr\u00e8s grande majorit\u00e9 des acteurs consult\u00e9s ont soulign\u00e9 que l\u2019unit\u00e9 nationale constitue la priorit\u00e9 absolue.<\/p>\n<p>En tant qu\u2019organisation citoyenne engag\u00e9e pour la paix, la coh\u00e9sion sociale et la mobilisation nationale, El Avia Mownka :<\/p>\n<p>&#8211; F\u00e9licite chaleureusement le Coordinateur du Dialogue National pour son action exceptionnelle et sa m\u00e9thodologie inclusive, unique \u00e0 l\u2019\u00e9chelle nationale et m\u00eame dans la sous-r\u00e9gion.<br \/>\n&#8211; Appelle les acteurs encore r\u00e9ticents \u00e0 rejoindre le train du dialogue, car aucun projet national ne peut r\u00e9ussir sans la participation de tous.<\/p>\n<p>&#8211; Invite les futurs participants \u00e0 d\u00e9passer leurs divergences pour garantir le succ\u00e8s de cette d\u00e9marche historique.<\/p>\n<p>&#8211; Affirme sa disponibilit\u00e9 totale \u00e0 contribuer activement \u00e0 la sensibilisation avant, pendant et apr\u00e8s le dialogue afin d\u2019en assurer la r\u00e9ussite.<\/p>\n<p>\u26a0\ufe0f Met en garde les ennemis du dialogue, qu\u2019ils soient \u00e0 l\u2019int\u00e9rieur ou \u00e0 l\u2019ext\u00e9rieur du pouvoir, contre toute entreprise visant \u00e0 faire \u00e9chouer cette dynamique cruciale pour l\u2019avenir de notre pays.<\/p>\n<p>Le Dialogue National est une opportunit\u00e9 historique pour refonder notre vivre-ensemble, renforcer la confiance nationale et construire une Mauritanie unie, juste et prosp\u00e8re.<br \/>\nEl Avia Mownka s\u2019engage pleinement dans cette dynamique pour en faire un succ\u00e8s collectif.<\/p>\n<p>Le Pr\u00e9sident de Elavia Mownka<br \/>\nAhmed KHATTRY<\/p>\n","protected":false},"excerpt":{"rendered":"<p>Le Coordinateur du Dialogue National, M. Moussa Fall, a pr\u00e9sent\u00e9 son rapport d\u2019\u00e9tape au Pr\u00e9sident de la R\u00e9publique, suivi ce jour d\u2019une conf\u00e9rence publique. Cette conf\u00e9rence a mis en lumi\u00e8re le travail titanesque accompli en sept mois \u2014 au lieu des deux initialement pr\u00e9vus \u2014 par cette personnalit\u00e9 d\u2019envergure nationale. Au cours de cette mission, &hellip;<\/p>\n","protected":false},"author":2,"featured_media":18588,"comment_status":"open","ping_status":"open","sticky":false,"template":"","format":"standard","meta":{"footnotes":""},"categories":[18,31,19],"tags":[],"class_list":["post-18718","post","type-post","status-publish","format-standard","has-post-thumbnail","hentry","category-actualites","category-politique-et-reportages","category-tribune"],"_links":{"self":[{"href":"https:\/\/ladepeche.mr\/index.php?rest_route=\/wp\/v2\/posts\/18718","targetHints":{"allow":["GET"]}}],"collection":[{"href":"https:\/\/ladepeche.mr\/index.php?rest_route=\/wp\/v2\/posts"}],"about":[{"href":"https:\/\/ladepeche.mr\/index.php?rest_route=\/wp\/v2\/types\/post"}],"author":[{"embeddable":true,"href":"https:\/\/ladepeche.mr\/index.php?rest_route=\/wp\/v2\/users\/2"}],"replies":[{"embeddable":true,"href":"https:\/\/ladepeche.mr\/index.php?rest_route=%2Fwp%2Fv2%2Fcomments&post=18718"}],"version-history":[{"count":1,"href":"https:\/\/ladepeche.mr\/index.php?rest_route=\/wp\/v2\/posts\/18718\/revisions"}],"predecessor-version":[{"id":18719,"href":"https:\/\/ladepeche.mr\/index.php?rest_route=\/wp\/v2\/posts\/18718\/revisions\/18719"}],"wp:featuredmedia":[{"embeddable":true,"href":"https:\/\/ladepeche.mr\/index.php?rest_route=\/wp\/v2\/media\/18588"}],"wp:attachment":[{"href":"https:\/\/ladepeche.mr\/index.php?rest_route=%2Fwp%2Fv2%2Fmedia&parent=18718"}],"wp:term":[{"taxonomy":"category","embeddable":true,"href":"https:\/\/ladepeche.mr\/index.php?rest_route=%2Fwp%2Fv2%2Fcategories&post=18718"},{"taxonomy":"post_tag","embeddable":true,"href":"https:\/\/ladepeche.mr\/index.php?rest_route=%2Fwp%2Fv2%2Ftags&post=18718"}],"curies":[{"name":"wp","href":"https:\/\/api.w.org\/{rel}","templated":true}]}}