{"id":1873,"date":"2022-09-12T13:39:44","date_gmt":"2022-09-12T13:39:44","guid":{"rendered":"https:\/\/ladepeche.mr\/?p=1873"},"modified":"2022-09-12T13:39:44","modified_gmt":"2022-09-12T13:39:44","slug":"soldats-ivoiriens-a-bamako-abidjan-parle-dune-prise-dotage","status":"publish","type":"post","link":"https:\/\/ladepeche.mr\/?p=1873","title":{"rendered":"Soldats ivoiriens \u00e0 Bamako : Abidjan parle d&#8217;une &#8220;prise d&#8217;otage&#8221;"},"content":{"rendered":"<p>La junte au pouvoir \u00e0 Bamako conditionne la lib\u00e9ration des soldats ivoiriens \u00e0 l&#8217;extradition de personnalit\u00e9s politiques maliennes vivant \u00e0 Abidjan. Une position qui irrite les autorit\u00e9s ivoiriennes.<\/p>\n<p>&#8220;C&#8217;est une prise d&#8217;otage qui ne restera pas sans cons\u00e9quence. Notre position est claire: ce march\u00e9 est inacceptable&#8221;, a affirm\u00e9 dimanche une source proche de la pr\u00e9sidence ivoirienne \u00e0 l&#8217;AFP.<\/p>\n<p>Apr\u00e8s deux mois de d\u00e9tention des soldats ivoiriens au Mali, la C\u00f4te d\u2019Ivoire exc\u00e9d\u00e9e, pourrait \u00e0 mettre donc la pression sur le pouvoir malien afin d\u2019obtenir la lib\u00e9ration des 46 militaires.<\/p>\n<p><strong>Fourniture d&#8217;\u00e9lectricit\u00e9 compromise<\/strong><\/p>\n<p>Cette pression pourrait se faire \u00e0 travers la suspension de la fourniture d&#8217;\u00e9lectricit\u00e9 au Mali, la fermeture des ports d&#8217;Abidjan et de San Pedro aux camions maliens. Sans oublier la suspension de la fourniture des carburants et autres produits p\u00e9troliers.<\/p>\n<p>&#8220;Si ces d\u00e9cisions sont prises, alors il faudra comprendre que la C\u00f4te d\u2019Ivoire d\u00e9cide de riposter \u00e0 la premi\u00e8re action faite par le Mali. \u00c7a sera une riposte. Parce que l\u2019arrestation des militaires ivoiriens, quand bien m\u00eame qu\u2019il y a eu des manquements au niveau des proc\u00e9dures, tout le monde aujourd\u2019hui s\u2019accorde, aussi bien au Mali qu\u2019en C\u00f4te d\u2019Ivoire, pour dire qu\u2019il ne s\u2019agit pas de mercenaires&#8221;, explique Andr\u00e9 Silver Konan, journaliste et analyste politique ivoirien.<\/p>\n<p>L&#8217;analyste ajoute que si de telles d\u00e9cisions sont prises, le Mali aura le choix entrelib\u00e9rer les 46 militaires ou passer \u00e9galement \u00e0 la riposte en prenant aussi des sanctions contre la C\u00f4te d\u2019Ivoire.<\/p>\n<p>&#8220;Le Mali pourrait maintenir les soldats d\u00e9tenus ou passer \u00e0 d\u2019autres ripostes comme convoquer l\u2019ambassadeur de la C\u00f4te d\u2019Ivoire, fermer ses fronti\u00e8res aussi \u00e0 la C\u00f4te d\u2019Ivoire de sorte que les approvisionnements venant de l\u00e0-bas en mati\u00e8re de b\u00e9tail notamment ne viennent pas. Mais \u00e7a peut \u00eatre aussi une action d\u2019escalade&#8221;, poursuit-t-il.*<\/p>\n<p><strong>Qui sortira vainqueur de ce bras de fer ?<\/strong><\/p>\n<p>Dans cette crise \u00e9conomique qui se dessine \u00e0 l\u2019horizon, le Mali aura plus \u00e0 perdre que la C\u00f4te d\u2019Ivoire selon le journaliste ivoirien Andr\u00e9 Silver Konan. Car, indique-t-il, la C\u00f4te d\u2019Ivoire fournit une bonne partie d\u2019\u00e9lectricit\u00e9 au Mali, le pays disposant de deux ports o\u00f9 les op\u00e9rateurs \u00e9conomiques maliens viennent s\u2019approvisionner. La C\u00f4te d\u2019Ivoire fournit \u00e9galement du carburant et d&#8217;autres produits p\u00e9troliers au Mali. Mais bien plus, poursuit Andr\u00e9 Silver Konan.<\/p>\n<p>&#8220;La C\u00f4te d\u2019Ivoire dispose par exemple du levier de la suspension des transactions financi\u00e8res entre le Mali et la C\u00f4te d\u2019ivoire. Et je vous assure qu&#8217;\u00e0 ce niveau-l\u00e0, il y\u2019a une tr\u00e8s forte diaspora malienne en C\u00f4te d\u2019Ivoire.<\/p>\n<p>Et une tr\u00e8s forte population au Mali qui d\u00e9pend de cette diaspora qui envoie continuellement de l\u2019argent \u00e0 travers des transactions financi\u00e8re au Mali, je vous assure que c\u2019est le Mali qui en p\u00e2tirait vraiment.&#8221;<\/p>\n<p>Pour \u00e9viter une guerre \u00e9conomique entre ces deux pays voisins, le journaliste Andr\u00e9 Silver Konan a invit\u00e9 les deux parties \u00e0 continuer de privil\u00e9gier la voie diplomatique. Car pour lui, en cas de conflits entre ces deux pays, il n\u2019y aura pas de vainqueur. Mais, il y aura plut\u00f4t une profonde crise de m\u00e9fiance entre les deux peuples.<\/p>\n<p><strong>Julien Aday\u00e9<\/strong><\/p>\n<p>DW via cridem.org<\/p>\n","protected":false},"excerpt":{"rendered":"<p>La junte au pouvoir \u00e0 Bamako conditionne la lib\u00e9ration des soldats ivoiriens \u00e0 l&#8217;extradition de personnalit\u00e9s politiques maliennes vivant \u00e0 Abidjan. Une position qui irrite les autorit\u00e9s ivoiriennes. &#8220;C&#8217;est une prise d&#8217;otage qui ne restera pas sans cons\u00e9quence. Notre position est claire: ce march\u00e9 est inacceptable&#8221;, a affirm\u00e9 dimanche une source proche de la pr\u00e9sidence &hellip;<\/p>\n","protected":false},"author":2,"featured_media":1874,"comment_status":"open","ping_status":"open","sticky":false,"template":"","format":"standard","meta":{"footnotes":""},"categories":[29,28],"tags":[],"class_list":["post-1873","post","type-post","status-publish","format-standard","has-post-thumbnail","hentry","category-monde","category-sahel"],"_links":{"self":[{"href":"https:\/\/ladepeche.mr\/index.php?rest_route=\/wp\/v2\/posts\/1873","targetHints":{"allow":["GET"]}}],"collection":[{"href":"https:\/\/ladepeche.mr\/index.php?rest_route=\/wp\/v2\/posts"}],"about":[{"href":"https:\/\/ladepeche.mr\/index.php?rest_route=\/wp\/v2\/types\/post"}],"author":[{"embeddable":true,"href":"https:\/\/ladepeche.mr\/index.php?rest_route=\/wp\/v2\/users\/2"}],"replies":[{"embeddable":true,"href":"https:\/\/ladepeche.mr\/index.php?rest_route=%2Fwp%2Fv2%2Fcomments&post=1873"}],"version-history":[{"count":1,"href":"https:\/\/ladepeche.mr\/index.php?rest_route=\/wp\/v2\/posts\/1873\/revisions"}],"predecessor-version":[{"id":1875,"href":"https:\/\/ladepeche.mr\/index.php?rest_route=\/wp\/v2\/posts\/1873\/revisions\/1875"}],"wp:featuredmedia":[{"embeddable":true,"href":"https:\/\/ladepeche.mr\/index.php?rest_route=\/wp\/v2\/media\/1874"}],"wp:attachment":[{"href":"https:\/\/ladepeche.mr\/index.php?rest_route=%2Fwp%2Fv2%2Fmedia&parent=1873"}],"wp:term":[{"taxonomy":"category","embeddable":true,"href":"https:\/\/ladepeche.mr\/index.php?rest_route=%2Fwp%2Fv2%2Fcategories&post=1873"},{"taxonomy":"post_tag","embeddable":true,"href":"https:\/\/ladepeche.mr\/index.php?rest_route=%2Fwp%2Fv2%2Ftags&post=1873"}],"curies":[{"name":"wp","href":"https:\/\/api.w.org\/{rel}","templated":true}]}}