{"id":18739,"date":"2025-10-20T12:47:54","date_gmt":"2025-10-20T12:47:54","guid":{"rendered":"https:\/\/ladepeche.mr\/?p=18739"},"modified":"2025-10-20T12:47:54","modified_gmt":"2025-10-20T12:47:54","slug":"le-ministre-des-affaires-economiques-signe-un-accord-de-financement-avec-la-bid-pour-lextension-de-lhopital-de-cardiologie-a-nouakchott","status":"publish","type":"post","link":"https:\/\/ladepeche.mr\/?p=18739","title":{"rendered":"Le ministre des Affaires \u00e9conomiques signe un accord de financement avec la BID pour l\u2019extension de l\u2019H\u00f4pital de Cardiologie \u00e0 Nouakchott"},"content":{"rendered":"<p>En marge des assembl\u00e9es annuelles du Groupe de la Banque mondiale et du Fonds mon\u00e9taire international, le ministre des Affaires \u00e9conomiques et du D\u00e9veloppement, Dr Abdallah Ould Souleymane Ould Cheikh Sidia, a sign\u00e9  samedi un accord de financement avec le pr\u00e9sident du Groupe de la Banque islamique de D\u00e9veloppement (BID), M. Mohammed Al Jasser, d\u2019un montant de 29,26 millions d\u2019euros, destin\u00e9 \u00e0 l\u2019extension de l\u2019H\u00f4pital de Cardiologie \u00e0 Nouakchott.<\/p>\n<p>La c\u00e9r\u00e9monie s\u2019est d\u00e9roul\u00e9e en pr\u00e9sence du gouverneur de la Banque centrale de Mauritanie, M. Mohamed Lemine Ould Dhehby.<\/p>\n<p>Cet accord vise \u00e0 accro\u00eetre la capacit\u00e9 d\u2019accueil de l\u2019h\u00f4pital, \u00e0 moderniser ses infrastructures et \u00e0 renforcer ses \u00e9quipements m\u00e9dicaux sp\u00e9cialis\u00e9s, afin d\u2019am\u00e9liorer la qualit\u00e9 et l\u2019efficacit\u00e9 des soins cardiologiques dispens\u00e9s aux citoyens.  L&#8217;initiative s\u2019inscrit dans la strat\u00e9gie gouvernementale de modernisation du syst\u00e8me de sant\u00e9 et de renforcement des capacit\u00e9s nationales en mati\u00e8re de prise en charge des maladies cardiovasculaires.<\/p>\n<p>\u00c0 l\u2019issue de la signature, les deux parties ont examin\u00e9 les moyens de renforcer la coop\u00e9ration bilat\u00e9rale, notamment par l\u2019\u00e9largissement du portefeuille de projets financ\u00e9s par la Banque islamique de d\u00e9veloppement en Mauritanie. Elles ont \u00e9galement \u00e9voqu\u00e9 la participation du Groupe \u00e0 la mobilisation des 2 milliards de dollars annonc\u00e9s par le Groupe de coordination arabe lors de la r\u00e9cente table ronde de Vienne.<\/p>\n<p>Partenaire de longue date de la Mauritanie, la Banque islamique de d\u00e9veloppement contribue depuis plusieurs d\u00e9cennies au financement de projets structurants dans les secteurs de la sant\u00e9, de l\u2019\u00e9ducation, de l\u2019\u00e9nergie et de l\u2019eau, soutenant ainsi les efforts du gouvernement en faveur du d\u00e9veloppement durable et de l\u2019am\u00e9lioration des services essentiels.<\/p>\n","protected":false},"excerpt":{"rendered":"<p>En marge des assembl\u00e9es annuelles du Groupe de la Banque mondiale et du Fonds mon\u00e9taire international, le ministre des Affaires \u00e9conomiques et du D\u00e9veloppement, Dr Abdallah Ould Souleymane Ould Cheikh Sidia, a sign\u00e9 samedi un accord de financement avec le pr\u00e9sident du Groupe de la Banque islamique de D\u00e9veloppement (BID), M. Mohammed Al Jasser, d\u2019un &hellip;<\/p>\n","protected":false},"author":2,"featured_media":18740,"comment_status":"open","ping_status":"open","sticky":false,"template":"","format":"standard","meta":{"footnotes":""},"categories":[18,2,27],"tags":[],"class_list":["post-18739","post","type-post","status-publish","format-standard","has-post-thumbnail","hentry","category-actualites","category-economie","category-sante"],"_links":{"self":[{"href":"https:\/\/ladepeche.mr\/index.php?rest_route=\/wp\/v2\/posts\/18739","targetHints":{"allow":["GET"]}}],"collection":[{"href":"https:\/\/ladepeche.mr\/index.php?rest_route=\/wp\/v2\/posts"}],"about":[{"href":"https:\/\/ladepeche.mr\/index.php?rest_route=\/wp\/v2\/types\/post"}],"author":[{"embeddable":true,"href":"https:\/\/ladepeche.mr\/index.php?rest_route=\/wp\/v2\/users\/2"}],"replies":[{"embeddable":true,"href":"https:\/\/ladepeche.mr\/index.php?rest_route=%2Fwp%2Fv2%2Fcomments&post=18739"}],"version-history":[{"count":1,"href":"https:\/\/ladepeche.mr\/index.php?rest_route=\/wp\/v2\/posts\/18739\/revisions"}],"predecessor-version":[{"id":18741,"href":"https:\/\/ladepeche.mr\/index.php?rest_route=\/wp\/v2\/posts\/18739\/revisions\/18741"}],"wp:featuredmedia":[{"embeddable":true,"href":"https:\/\/ladepeche.mr\/index.php?rest_route=\/wp\/v2\/media\/18740"}],"wp:attachment":[{"href":"https:\/\/ladepeche.mr\/index.php?rest_route=%2Fwp%2Fv2%2Fmedia&parent=18739"}],"wp:term":[{"taxonomy":"category","embeddable":true,"href":"https:\/\/ladepeche.mr\/index.php?rest_route=%2Fwp%2Fv2%2Fcategories&post=18739"},{"taxonomy":"post_tag","embeddable":true,"href":"https:\/\/ladepeche.mr\/index.php?rest_route=%2Fwp%2Fv2%2Ftags&post=18739"}],"curies":[{"name":"wp","href":"https:\/\/api.w.org\/{rel}","templated":true}]}}