{"id":18742,"date":"2025-10-20T13:11:24","date_gmt":"2025-10-20T13:11:24","guid":{"rendered":"https:\/\/ladepeche.mr\/?p=18742"},"modified":"2025-10-20T13:11:24","modified_gmt":"2025-10-20T13:11:24","slug":"coupe-du-monde-u20-le-maroc-remporte-la-competition","status":"publish","type":"post","link":"https:\/\/ladepeche.mr\/?p=18742","title":{"rendered":"Coupe du monde U20: le Maroc remporte la comp\u00e9tition"},"content":{"rendered":"<p>Loin d\u2019\u00eatre les favoris, les jeunes Marocains se sont pourtant impos\u00e9s deux buts \u00e0 z\u00e9ro contre les Argentins.<\/p>\n<p>Le Maroc remporte pour la premi\u00e8re fois le Mondial des moins de 20 ans. Loin d\u2019\u00eatre les favoris, les jeunes Marocains se sont pourtant impos\u00e9s deux buts \u00e0 z\u00e9ro contre les Argentins.<\/p>\n<p>L&#8217;attaquant Yassir Zabrini, \u00e2g\u00e9 d\u2019\u00e0 peine 20 ans, est l\u2019auteur de ces deux buts qui permettent au Royaume Ch\u00e9rifien de devenir la premi\u00e8re nation africaine championne de cette comp\u00e9tition internationale depuis le Ghana en 2009.<br \/>\nDans les rues de Rabat et de plusieurs autres villes marocaines, les supporters brandissaient des drapeaux et scandaient des slogans pour exprimer leur fiert\u00e9 et leur joie.<\/p>\n<p>&#8220;Nous sommes tr\u00e8s heureux et fiers de l&#8217;\u00e9quipe nationale marocaine des moins de 20 ans, les Lionceaux de l&#8217;Atlas. Ils ont fait un grand match, les joueurs ont \u00e9t\u00e9 excellents. Nous tenons \u00e0 remercier les joueurs Zabiri et Maama, ainsi que l&#8217;entra\u00eeneur Wahbi. Dima Maghrib ! Nous sommes fiers de cette g\u00e9n\u00e9ration. Mon fils joue aussi au football et j&#8217;esp\u00e8re qu&#8217;un jour il sera l&#8217;un des Lionceaux de l&#8217;Atlas&#8221;, se r\u00e9jouit Achraf, un supporter.<br \/>\nChourouk Boutlaka, une jeune supportrice partage le m\u00eame enthousiasme : &#8220;J&#8217;ai ador\u00e9 l&#8217;ambiance et je suis fier de mon pays, le Maroc. J&#8217;ai \u00e9t\u00e9 ravi par cette victoire, c&#8217;est une grande victoire, d&#8217;autant plus que nous avons battu l&#8217;Argentine.&#8221;<\/p>\n<p>Le Maroc poursuit la dynamique observ\u00e9e lors du Mondial 2022 au Qatar, o\u00f9 l\u2019\u00e9quipe nationale a atteint la 4e place, devenant ainsi la premi\u00e8re \u00e9quipe africaine \u00e0 \u00eatre en demi-finale d&#8217;une Coupe du monde de football.<\/p>\n<p>Le pays s\u2019appr\u00eate d\u00e9sormais \u00e0 recevoir les \u00e9quipes venues du continent africain \u00e0 l\u2019occasion de la Coupe d\u2019Afrique des Nations du 21 d\u00e9cembre 2025 au 18 janvier 2026. puis la coupe du monde en 2030, en collaboration avec le Portugal et l\u2019Espagne.<br \/>\nhttps:\/\/www.msn.com\/fr-xl\/sport\/g%C3%A9n%C3%A9ral\/coupe-du-monde-u20-le-maroc-remporte-la-comp%C3%A9tition\/ar-AA1OOwLj?ocid=BingNewsSerp<\/p>\n","protected":false},"excerpt":{"rendered":"<p>Loin d\u2019\u00eatre les favoris, les jeunes Marocains se sont pourtant impos\u00e9s deux buts \u00e0 z\u00e9ro contre les Argentins. Le Maroc remporte pour la premi\u00e8re fois le Mondial des moins de 20 ans. Loin d\u2019\u00eatre les favoris, les jeunes Marocains se sont pourtant impos\u00e9s deux buts \u00e0 z\u00e9ro contre les Argentins. L&#8217;attaquant Yassir Zabrini, \u00e2g\u00e9 d\u2019\u00e0 &hellip;<\/p>\n","protected":false},"author":2,"featured_media":18743,"comment_status":"open","ping_status":"open","sticky":false,"template":"","format":"standard","meta":{"footnotes":""},"categories":[18,29,17],"tags":[],"class_list":["post-18742","post","type-post","status-publish","format-standard","has-post-thumbnail","hentry","category-actualites","category-monde","category-sports"],"_links":{"self":[{"href":"https:\/\/ladepeche.mr\/index.php?rest_route=\/wp\/v2\/posts\/18742","targetHints":{"allow":["GET"]}}],"collection":[{"href":"https:\/\/ladepeche.mr\/index.php?rest_route=\/wp\/v2\/posts"}],"about":[{"href":"https:\/\/ladepeche.mr\/index.php?rest_route=\/wp\/v2\/types\/post"}],"author":[{"embeddable":true,"href":"https:\/\/ladepeche.mr\/index.php?rest_route=\/wp\/v2\/users\/2"}],"replies":[{"embeddable":true,"href":"https:\/\/ladepeche.mr\/index.php?rest_route=%2Fwp%2Fv2%2Fcomments&post=18742"}],"version-history":[{"count":1,"href":"https:\/\/ladepeche.mr\/index.php?rest_route=\/wp\/v2\/posts\/18742\/revisions"}],"predecessor-version":[{"id":18744,"href":"https:\/\/ladepeche.mr\/index.php?rest_route=\/wp\/v2\/posts\/18742\/revisions\/18744"}],"wp:featuredmedia":[{"embeddable":true,"href":"https:\/\/ladepeche.mr\/index.php?rest_route=\/wp\/v2\/media\/18743"}],"wp:attachment":[{"href":"https:\/\/ladepeche.mr\/index.php?rest_route=%2Fwp%2Fv2%2Fmedia&parent=18742"}],"wp:term":[{"taxonomy":"category","embeddable":true,"href":"https:\/\/ladepeche.mr\/index.php?rest_route=%2Fwp%2Fv2%2Fcategories&post=18742"},{"taxonomy":"post_tag","embeddable":true,"href":"https:\/\/ladepeche.mr\/index.php?rest_route=%2Fwp%2Fv2%2Ftags&post=18742"}],"curies":[{"name":"wp","href":"https:\/\/api.w.org\/{rel}","templated":true}]}}