{"id":1876,"date":"2022-09-12T14:36:29","date_gmt":"2022-09-12T14:36:29","guid":{"rendered":"https:\/\/ladepeche.mr\/?p=1876"},"modified":"2022-09-12T14:36:59","modified_gmt":"2022-09-12T14:36:59","slug":"reprise-des-classements-etat-des-lieux-apres-les-inondations-et-obsession-de-report-douverture","status":"publish","type":"post","link":"https:\/\/ladepeche.mr\/?p=1876","title":{"rendered":"Reprise des classes: \u00e9tat des lieux apr\u00e8s les inondations et obsession de report d&#8217;ouverture"},"content":{"rendered":"<p>Le ministre de l\u2019\u00c9ducation nationale et de la R\u00e9forme du Syst\u00e8me \u00c9ducatif, Adama Bocar Soko, a pr\u00e9sid\u00e9 lundi une r\u00e9union de concertation \u00e0 Nouakchott avec les directeurs r\u00e9gionaux de l\u2019Education pour mesurer l&#8217;ampleur de l&#8217;impact des inondations sur les infrastructures scolaires et sur les conditions de pr\u00e9paration de la rentr\u00e9e scolaire.<\/p>\n<p><img loading=\"lazy\" decoding=\"async\" class=\"\" src=\"https:\/\/ami.mr\/fr\/wp-content\/uploads\/2022\/09\/12-09-2022-01.jpg\" width=\"816\" height=\"367\" \/><\/p>\n<p>Outre les mesures traditionnelles pr\u00e9c\u00e9dant les ouvertures des classes pr\u00e9vues normalement d\u00e9but Octobre 2022, il \u00e9tait surtout question de passer en revue la situation des \u00e9tablissements scolaires durement \u00e9prouv\u00e9s par les eaux de pluie. Plusieurs r\u00e9gions dont notamment celles de la vall\u00e9e, l&#8217;Inchiri ou encore Nouakchott ont re\u00e7ues des pr\u00e9cipitations avoisinant et d\u00e9passant parfois la moyenne annuelle enregistr\u00e9e. L&#8217;objectif pour le d\u00e9partement de l\u2019\u00c9ducation nationale et de la R\u00e9forme du Syst\u00e8me \u00c9ducatif, r\u00e9uni au grand complet et en pr\u00e9sence des directeurs r\u00e9gionaux de l\u2019Education, est d&#8217;\u00e9valuer la situation dans les diff\u00e9rentes wilaya et de r\u00e9fl\u00e9chir aux meilleurs conditions d&#8217;une reprise des classes.<\/p>\n","protected":false},"excerpt":{"rendered":"<p>Le ministre de l\u2019\u00c9ducation nationale et de la R\u00e9forme du Syst\u00e8me \u00c9ducatif, Adama Bocar Soko, a pr\u00e9sid\u00e9 lundi une r\u00e9union de concertation \u00e0 Nouakchott avec les directeurs r\u00e9gionaux de l\u2019Education pour mesurer l&#8217;ampleur de l&#8217;impact des inondations sur les infrastructures scolaires et sur les conditions de pr\u00e9paration de la rentr\u00e9e scolaire. Outre les mesures traditionnelles &hellip;<\/p>\n","protected":false},"author":2,"featured_media":1877,"comment_status":"open","ping_status":"open","sticky":false,"template":"","format":"standard","meta":{"footnotes":""},"categories":[18],"tags":[],"class_list":["post-1876","post","type-post","status-publish","format-standard","has-post-thumbnail","hentry","category-actualites"],"_links":{"self":[{"href":"https:\/\/ladepeche.mr\/index.php?rest_route=\/wp\/v2\/posts\/1876","targetHints":{"allow":["GET"]}}],"collection":[{"href":"https:\/\/ladepeche.mr\/index.php?rest_route=\/wp\/v2\/posts"}],"about":[{"href":"https:\/\/ladepeche.mr\/index.php?rest_route=\/wp\/v2\/types\/post"}],"author":[{"embeddable":true,"href":"https:\/\/ladepeche.mr\/index.php?rest_route=\/wp\/v2\/users\/2"}],"replies":[{"embeddable":true,"href":"https:\/\/ladepeche.mr\/index.php?rest_route=%2Fwp%2Fv2%2Fcomments&post=1876"}],"version-history":[{"count":2,"href":"https:\/\/ladepeche.mr\/index.php?rest_route=\/wp\/v2\/posts\/1876\/revisions"}],"predecessor-version":[{"id":1879,"href":"https:\/\/ladepeche.mr\/index.php?rest_route=\/wp\/v2\/posts\/1876\/revisions\/1879"}],"wp:featuredmedia":[{"embeddable":true,"href":"https:\/\/ladepeche.mr\/index.php?rest_route=\/wp\/v2\/media\/1877"}],"wp:attachment":[{"href":"https:\/\/ladepeche.mr\/index.php?rest_route=%2Fwp%2Fv2%2Fmedia&parent=1876"}],"wp:term":[{"taxonomy":"category","embeddable":true,"href":"https:\/\/ladepeche.mr\/index.php?rest_route=%2Fwp%2Fv2%2Fcategories&post=1876"},{"taxonomy":"post_tag","embeddable":true,"href":"https:\/\/ladepeche.mr\/index.php?rest_route=%2Fwp%2Fv2%2Ftags&post=1876"}],"curies":[{"name":"wp","href":"https:\/\/api.w.org\/{rel}","templated":true}]}}