{"id":18764,"date":"2025-10-20T22:21:31","date_gmt":"2025-10-20T22:21:31","guid":{"rendered":"https:\/\/ladepeche.mr\/?p=18764"},"modified":"2025-10-20T22:21:57","modified_gmt":"2025-10-20T22:21:57","slug":"le-president-de-la-republique-preside-la-ceremonie-de-remise-des-diplomes-de-la-46eme-promotion-de-lecole-nationale-dadministration-de-journalisme-et-de-magistrature","status":"publish","type":"post","link":"https:\/\/ladepeche.mr\/?p=18764","title":{"rendered":"Le Pr\u00e9sident de la R\u00e9publique pr\u00e9side la c\u00e9r\u00e9monie de remise des dipl\u00f4mes de la 46\u00e8me promotion de l\u2019\u00c9cole Nationale d\u2019Administration, de Journalisme et de Magistrature"},"content":{"rendered":"<p>Son Excellence le Pr\u00e9sident de la R\u00e9publique, Monsieur Mohamed Ould Cheikh El Ghazouani, a pr\u00e9sid\u00e9, ce lundi soir, au Centre International de Conf\u00e9rences \u201cMokhtar Ould Daddah\u201d, la c\u00e9r\u00e9monie de remise des dipl\u00f4mes de la 46\u00e8me promotion de l\u2019\u00c9cole Nationale d\u2019Administration, de Journalisme et de Magistrature.<\/p>\n<p>Cette promotion compte un total de 236 dipl\u00f4m\u00e9s, dont 77 femmes, soit 32.63%, et r\u00e9pond aux besoins de plusieurs secteurs gouvernementaux, \u00e0 savoir : le Minist\u00e8re de la Justice (61 dipl\u00f4m\u00e9s), le Minist\u00e8re des Affaires \u00c9trang\u00e8res (10 dipl\u00f4m\u00e9s), le Minist\u00e8re de l\u2019Int\u00e9rieur (30 dipl\u00f4m\u00e9), le Minist\u00e8re des Finances (60 dipl\u00f4m\u00e9s), le Minist\u00e8re de la Fonction Publique (15 dipl\u00f4m\u00e9s), et le Minist\u00e8re du Commerce (60 dipl\u00f4m\u00e9s).<\/p>\n<p>Dans son discours \u00e0 cette occasion, Son Excellence le Pr\u00e9sident de la R\u00e9publique, Monsieur Mohamed Ould Cheikh El Ghazouani, a exprim\u00e9 son appr\u00e9ciation de la contribution de l\u2019\u00c9cole Nationale d\u2019Administration, de Journalisme et de Magistrature \u00e0 la construction et \u00e0 la consolidation des fondements de l\u2019\u00c9tat moderne, \u00e0 travers la pr\u00e9paration et la formation des cadres qui ont la responsabilit\u00e9 de d\u00e9velopper et d\u2019assurer la continuit\u00e9 du service public, d\u2019incarner les valeurs de la R\u00e9publique dans les m\u00e9thodes de gestion quotidienne, les modes de relation avec le citoyen, et la mise en \u0153uvre des diverses r\u00e9formes et programmes.<\/p>\n<p>Il a d\u00e9clar\u00e9 qu\u2019il n\u2019y a pas de d\u00e9veloppement ni d\u2019espoir de r\u00e9forme sans l\u2019\u00e9limination de toutes les formes de corruption, qu\u2019elle soit administrative ou financi\u00e8re, soulignant qu\u2019il a contraint le gouvernement \u00e0 appliquer les recommandations des organes de contr\u00f4le et d\u2019inspection de mani\u00e8re \u00e0 ce qu\u2019aucun impliqu\u00e9 dans des pratiques suspectes n\u2019\u00e9chappe \u00e0 la reddition de comptes et \u00e0 la sanction, quelle que soit sa position.<\/p>\n<p>De son c\u00f4t\u00e9, le Directeur g\u00e9n\u00e9ral de l\u2019\u00c9cole Nationale d\u2019Administration, de Journalisme et de Magistrature, Monsieur Mohamed Yahya Sa\u00efd, a affirm\u00e9 que la pr\u00e9sence personnelle de Son Excellence le Pr\u00e9sident de la R\u00e9publique \u00e0 la c\u00e9r\u00e9monie de remise des dipl\u00f4mes de cette promotion refl\u00e8te la profondeur de son int\u00e9r\u00eat pour le capital humain, et son appr\u00e9ciation des cadres et des comp\u00e9tences futures qui constituent le pilier de la renaissance de la nation et la garantie de son progr\u00e8s dans sa marche de d\u00e9veloppement prometteuse.<\/p>\n<p>Il a ajout\u00e9 que le progr\u00e8s des nations et la prosp\u00e9rit\u00e9 des peuples se mesurent \u00e0 leurs comp\u00e9tences et \u00e0 la ma\u00eetrise de leurs savoir-faire, et c\u2019est pourquoi la production de capital humain et le d\u00e9veloppement des expertises nationales sont devenus le pilier du leadership \u00e0 cette \u00e9poque, et un crit\u00e8re essentiel des crit\u00e8res de d\u00e9veloppement global.<\/p>\n<p>Il a ajout\u00e9 que Son Excellence le Pr\u00e9sident de la R\u00e9publique a accord\u00e9 \u00e0 ce domaine une attention particuli\u00e8re et un int\u00e9r\u00eat sans pr\u00e9c\u00e9dent, soulignant que cette c\u00e9r\u00e9monie incarne la vision perspicace de Son Excellence dans le domaine du d\u00e9veloppement du capital humain et de la construction des comp\u00e9tences nationales.<\/p>\n<p>Le directeur g\u00e9n\u00e9ral de l\u2019ENAJM a d\u00e9clar\u00e9 que l\u2019\u00c9cole est fi\u00e8re d\u2019avoir \u00e9t\u00e9 une tribune pour le discours historique de Son Excellence le Pr\u00e9sident il y a trois ans, qui a trac\u00e9 les contours de la vision de la r\u00e9forme administrative, du rapprochement du service public du citoyen et de la consolidation des valeurs de justice et d\u2019\u00e9quit\u00e9.<\/p>\n<p>Il a affirm\u00e9 que l\u2019\u00c9cole a continu\u00e9 \u00e0 mettre en \u0153uvre cette orientation \u00e0 travers la formation initiale et la formation continue, et la contribution \u00e0 la pr\u00e9paration et \u00e0 la mise en \u0153uvre des programmes de r\u00e9forme administrative.<\/p>\n<p>Il a expliqu\u00e9 que les programmes de formation initiale et continue ont connu un d\u00e9veloppement qualitatif au cours des derni\u00e8res ann\u00e9es, o\u00f9 environ huit mille fonctionnaires du secteur public ont b\u00e9n\u00e9fici\u00e9 de la formation continue au cours des trois derni\u00e8res ann\u00e9es, ce qui a renforc\u00e9 la position de l\u2019\u00c9cole en tant que p\u00f4le d\u2019excellence et maison d\u2019expertise nationale.<\/p>\n<p>Il a indiqu\u00e9 que l\u2019\u00c9cole est aujourd\u2019hui, plus que jamais, capable d\u2019assumer sa noble mission nationale, selon une vision strat\u00e9gique bas\u00e9e sur quatre axes principaux : le renforcement de la structure institutionnelle; le d\u00e9veloppement du syst\u00e8me d\u2019enseignement; la r\u00e9vision et le d\u00e9veloppement de la formation continue; et la promotion des aspects acad\u00e9miques et de recherche.<\/p>\n<p>Il a soulign\u00e9 que cette vision est entr\u00e9e en vigueur avec le soutien de Son Excellence le Premier Ministre, Monsieur El Moctar Ould Djay et de son gouvernement, et gr\u00e2ce aux efforts des \u00e9quipes acad\u00e9miques et administratives de l\u2019\u00c9cole.<\/p>\n<p>\u00c0 son tour, le repr\u00e9sentant des dipl\u00f4m\u00e9s, Monsieur Mohamed Saadbouh Kamara, a exprim\u00e9, au nom de ses coll\u00e8gues, ses sinc\u00e8res remerciements et sa gratitude \u00e0 Son Excellence le Pr\u00e9sident de la R\u00e9publique pour la formation qualitative qui leur a \u00e9t\u00e9 offerte pendant deux ans, combinant les aspects th\u00e9oriques et pratiques.<\/p>\n<p>Il a salu\u00e9 les r\u00e9alisations accomplies dans le domaine de la formation et de la qualification des jeunes, affirmant la volont\u00e9 des dipl\u00f4m\u00e9s de la promotion de servir la nation avec d\u00e9vouement, et remerciant la direction de l\u2019\u00c9cole et ses \u00e9quipes acad\u00e9miques et administratives pour les efforts qui les ont accompagn\u00e9s tout au long de la p\u00e9riode de formation.<\/p>\n<p>La c\u00e9r\u00e9monie a \u00e9t\u00e9 ponctu\u00e9e par la projection d\u2019un film documentaire retra\u00e7ant les diff\u00e9rentes missions de l\u2019\u00c9cole Nationale d\u2019Administration, de Journalisme et de Magistrature, en tant que l\u2019une des plus anciennes et des plus prestigieuses institutions d\u2019enseignement sup\u00e9rieur du pays (fond\u00e9e en 1962), et a \u00e9galement pr\u00e9sent\u00e9 son histoire, sa strat\u00e9gie et ses programmes de formation.<\/p>\n<p>La c\u00e9r\u00e9monie s\u2019est d\u00e9roul\u00e9e en pr\u00e9sence de Son Excellence le Premier Ministre, Monsieur El Moctar Ould Djay, du Pr\u00e9sident de l\u2019Assembl\u00e9e Nationale, du Pr\u00e9sident du Conseil Constitutionnel, du Ministre Secr\u00e9taire g\u00e9n\u00e9ral de la Pr\u00e9sidence de la R\u00e9publique, du Ministre charg\u00e9 du Cabinet du Pr\u00e9sident de la R\u00e9publique, des Ministres Conseillers \u00e0 la Pr\u00e9sidence de la R\u00e9publique, des membres du Gouvernement, des chefs des appareils militaires et de s\u00e9curit\u00e9, du wali de Nouakchott Ouest, de la pr\u00e9sidente de la R\u00e9gion de Nouakchott et du maire de la commune de Tevragh Zeina, ainsi que des membres du corps diplomatique accr\u00e9dit\u00e9s en Mauritanie.<br \/>\nAmi<\/p>\n","protected":false},"excerpt":{"rendered":"<p>Son Excellence le Pr\u00e9sident de la R\u00e9publique, Monsieur Mohamed Ould Cheikh El Ghazouani, a pr\u00e9sid\u00e9, ce lundi soir, au Centre International de Conf\u00e9rences \u201cMokhtar Ould Daddah\u201d, la c\u00e9r\u00e9monie de remise des dipl\u00f4mes de la 46\u00e8me promotion de l\u2019\u00c9cole Nationale d\u2019Administration, de Journalisme et de Magistrature. Cette promotion compte un total de 236 dipl\u00f4m\u00e9s, dont 77 &hellip;<\/p>\n","protected":false},"author":2,"featured_media":18765,"comment_status":"open","ping_status":"open","sticky":false,"template":"","format":"standard","meta":{"footnotes":""},"categories":[18],"tags":[],"class_list":["post-18764","post","type-post","status-publish","format-standard","has-post-thumbnail","hentry","category-actualites"],"_links":{"self":[{"href":"https:\/\/ladepeche.mr\/index.php?rest_route=\/wp\/v2\/posts\/18764","targetHints":{"allow":["GET"]}}],"collection":[{"href":"https:\/\/ladepeche.mr\/index.php?rest_route=\/wp\/v2\/posts"}],"about":[{"href":"https:\/\/ladepeche.mr\/index.php?rest_route=\/wp\/v2\/types\/post"}],"author":[{"embeddable":true,"href":"https:\/\/ladepeche.mr\/index.php?rest_route=\/wp\/v2\/users\/2"}],"replies":[{"embeddable":true,"href":"https:\/\/ladepeche.mr\/index.php?rest_route=%2Fwp%2Fv2%2Fcomments&post=18764"}],"version-history":[{"count":2,"href":"https:\/\/ladepeche.mr\/index.php?rest_route=\/wp\/v2\/posts\/18764\/revisions"}],"predecessor-version":[{"id":18767,"href":"https:\/\/ladepeche.mr\/index.php?rest_route=\/wp\/v2\/posts\/18764\/revisions\/18767"}],"wp:featuredmedia":[{"embeddable":true,"href":"https:\/\/ladepeche.mr\/index.php?rest_route=\/wp\/v2\/media\/18765"}],"wp:attachment":[{"href":"https:\/\/ladepeche.mr\/index.php?rest_route=%2Fwp%2Fv2%2Fmedia&parent=18764"}],"wp:term":[{"taxonomy":"category","embeddable":true,"href":"https:\/\/ladepeche.mr\/index.php?rest_route=%2Fwp%2Fv2%2Fcategories&post=18764"},{"taxonomy":"post_tag","embeddable":true,"href":"https:\/\/ladepeche.mr\/index.php?rest_route=%2Fwp%2Fv2%2Ftags&post=18764"}],"curies":[{"name":"wp","href":"https:\/\/api.w.org\/{rel}","templated":true}]}}