{"id":18786,"date":"2025-10-21T14:00:09","date_gmt":"2025-10-21T14:00:09","guid":{"rendered":"https:\/\/ladepeche.mr\/?p=18786"},"modified":"2025-10-21T14:02:11","modified_gmt":"2025-10-21T14:02:11","slug":"vers-un-reglement-du-passif-humanitaire-une-proposition-de-27-milliards-douguiyas","status":"publish","type":"post","link":"https:\/\/ladepeche.mr\/?p=18786","title":{"rendered":"Vers un r\u00e8glement du passif humanitaire : une proposition de 27 milliards d\u2019ouguiyas"},"content":{"rendered":"<p>Selon RFI, le gouvernement mauritanien a r\u00e9cemment soumis une proposition de d\u00e9dommagement financier s\u2019\u00e9levant \u00e0 un peu plus de 27,5 milliards d\u2019anciennes ouguiyas (soit environ 59 millions d\u2019euros), destin\u00e9e \u00e0 r\u00e9parer, les injustices subies par des ressortissants mauritaniens au cours des douloureuses \u00ab ann\u00e9es de braise \u00bb des ann\u00e9es 90.<\/p>\n<p>Pour les repr\u00e9sentants des victimes ayant particip\u00e9 aux discussions, cette avanc\u00e9e repr\u00e9sente un jalon important dans un processus entam\u00e9 de longue date. Lo Souleymane, l\u2019un des acteurs impliqu\u00e9s dans les n\u00e9gociations, cit\u00e9 par Rfi, pr\u00e9cise : \u00ab Les \u00e9changes avec l\u2019\u00c9tat ont \u00e9t\u00e9 longs et complexes. Il y a quatre mois, nous avons remis notre feuille de route au pr\u00e9sident de la R\u00e9publique, dans laquelle nous demandions un montant de 35 milliards d\u2019anciennes ouguiyas. L\u2019ex\u00e9cutif, par l\u2019interm\u00e9diaire de la primature, nous a transmis une contre-proposition l\u00e9g\u00e8rement inf\u00e9rieure. Il ne s\u2019agit pas encore d\u2019un accord d\u00e9finitif, mais d\u2019une base de discussion que nous devons maintenant soumettre aux ayants droit. \u00bb<\/p>\n<p>Du c\u00f4t\u00e9 des associations de victimes, certaines voix expriment toutefois leur r\u00e9serve face \u00e0 cette initiative, estimant que l\u2019aspect financier, bien que n\u00e9cessaire, ne saurait suffire \u00e0 apaiser les souffrances ni \u00e0 clore ce chapitre difficile de l\u2019histoire nationale. Le Collectif des veuves et orphelins de Mauritanie, par la voix de sa pr\u00e9sidente Maimouna Alpha Sy, rappelle que la recherche de la v\u00e9rit\u00e9 demeure au c\u0153ur des attentes : \u00ab Nous ne r\u00e9clamons pas seulement une compensation financi\u00e8re. Ce que nous attendons avant tout, c\u2019est la reconnaissance pleine et enti\u00e8re des faits, la justice et la transparence. Une commission d\u2019enqu\u00eate ind\u00e9pendante est indispensable pour faire toute la lumi\u00e8re sur ces \u00e9v\u00e9nements. Aucun montant, aussi important soit-il, ne pourra jamais remplacer les pertes humaines ni effacer les douleurs v\u00e9cues. \u00bb<\/p>\n<p>Ce dialogue en cours, bien qu&#8217;encore imparfait, marque un pas vers une possible r\u00e9conciliation. Il reste d\u00e9sormais \u00e0 esp\u00e9rer que toutes les parties pourront continuer \u00e0 \u0153uvrer ensemble, avec lucidit\u00e9 et respect, afin de parvenir \u00e0 un r\u00e8glement juste, \u00e0 la hauteur des attentes l\u00e9gitimes des victimes.<br \/>\n(avec m\u00e9dias)<\/p>\n","protected":false},"excerpt":{"rendered":"<p>Selon RFI, le gouvernement mauritanien a r\u00e9cemment soumis une proposition de d\u00e9dommagement financier s\u2019\u00e9levant \u00e0 un peu plus de 27,5 milliards d\u2019anciennes ouguiyas (soit environ 59 millions d\u2019euros), destin\u00e9e \u00e0 r\u00e9parer, les injustices subies par des ressortissants mauritaniens au cours des douloureuses \u00ab ann\u00e9es de braise \u00bb des ann\u00e9es 90. Pour les repr\u00e9sentants des victimes &hellip;<\/p>\n","protected":false},"author":2,"featured_media":18458,"comment_status":"open","ping_status":"open","sticky":false,"template":"","format":"standard","meta":{"footnotes":""},"categories":[18,31],"tags":[],"class_list":["post-18786","post","type-post","status-publish","format-standard","has-post-thumbnail","hentry","category-actualites","category-politique-et-reportages"],"_links":{"self":[{"href":"https:\/\/ladepeche.mr\/index.php?rest_route=\/wp\/v2\/posts\/18786","targetHints":{"allow":["GET"]}}],"collection":[{"href":"https:\/\/ladepeche.mr\/index.php?rest_route=\/wp\/v2\/posts"}],"about":[{"href":"https:\/\/ladepeche.mr\/index.php?rest_route=\/wp\/v2\/types\/post"}],"author":[{"embeddable":true,"href":"https:\/\/ladepeche.mr\/index.php?rest_route=\/wp\/v2\/users\/2"}],"replies":[{"embeddable":true,"href":"https:\/\/ladepeche.mr\/index.php?rest_route=%2Fwp%2Fv2%2Fcomments&post=18786"}],"version-history":[{"count":2,"href":"https:\/\/ladepeche.mr\/index.php?rest_route=\/wp\/v2\/posts\/18786\/revisions"}],"predecessor-version":[{"id":18788,"href":"https:\/\/ladepeche.mr\/index.php?rest_route=\/wp\/v2\/posts\/18786\/revisions\/18788"}],"wp:featuredmedia":[{"embeddable":true,"href":"https:\/\/ladepeche.mr\/index.php?rest_route=\/wp\/v2\/media\/18458"}],"wp:attachment":[{"href":"https:\/\/ladepeche.mr\/index.php?rest_route=%2Fwp%2Fv2%2Fmedia&parent=18786"}],"wp:term":[{"taxonomy":"category","embeddable":true,"href":"https:\/\/ladepeche.mr\/index.php?rest_route=%2Fwp%2Fv2%2Fcategories&post=18786"},{"taxonomy":"post_tag","embeddable":true,"href":"https:\/\/ladepeche.mr\/index.php?rest_route=%2Fwp%2Fv2%2Ftags&post=18786"}],"curies":[{"name":"wp","href":"https:\/\/api.w.org\/{rel}","templated":true}]}}