{"id":18816,"date":"2025-10-22T11:41:17","date_gmt":"2025-10-22T11:41:17","guid":{"rendered":"https:\/\/ladepeche.mr\/?p=18816"},"modified":"2025-10-22T11:52:34","modified_gmt":"2025-10-22T11:52:34","slug":"communique-du-conseil-des-ministres-du-mardi-21-octobre-2025-pluie-de-sanctions","status":"publish","type":"post","link":"https:\/\/ladepeche.mr\/?p=18816","title":{"rendered":"Communiqu\u00e9 du Conseil des Ministres du mardi 21 Octobre 2025 (pluie de sanctions)"},"content":{"rendered":"<p>Le Conseil des Ministres s\u2019est r\u00e9uni le Mardi 21 Octobre 2025, sous la Pr\u00e9sidence de Son Excellence Monsieur Mohamed OULD CHEIKH EL-GHAZOUANI, Pr\u00e9sident de la R\u00e9publique.<\/p>\n<p>Le Conseil a examin\u00e9 et adopt\u00e9 les projets de d\u00e9crets suivants :<\/p>\n<p>\u2010 Projet de d\u00e9cret portant nomination du Pr\u00e9sident du Conseil d\u2019Administration du Centre Hospitalier de Zou\u00e9rate.<\/p>\n<p>\u2010 Projet de d\u00e9cret portant annulation des permis d\u2019exploitation n\u00b0 1620 C1, 2119 C2, et 2480 C2, respectivement pour les substances du groupe 1 et du groupe 2.<\/p>\n<p>Le pr\u00e9sent projet de d\u00e9cret a pour objectif l\u2019annulation des permis d\u2019exploitation attribu\u00e9s \u00e0 certaines soci\u00e9t\u00e9s, conform\u00e9ment aux dispositions du Code minier et de ses textes d\u2019application, en raison du non-respect par les titulaires des obligations l\u00e9gales, r\u00e9glementaires et contractuelles.<\/p>\n<p>\u2010 Projet de d\u00e9cret portant cession provisoire de r\u00e9serves fonci\u00e8res au niveau des wilayas de Nouakchott-ouest et Nouakchott-nord au profit de la Soci\u00e9t\u00e9 Nationale d\u2019Am\u00e9nagement de Terrains, de promotion et de Gestion Immobili\u00e8res d\u00e9nomm\u00e9e \u00ab El Mouritaniya Lil Agharatt \u00bb.<\/p>\n<p>Ce projet de d\u00e9cret vise la concession de r\u00e9serves fonci\u00e8res \u00e0 Nouakchott au profit de la Soci\u00e9t\u00e9 Nationale d\u2019Am\u00e9nagement de Terrains, de promotion et de Gestion Immobili\u00e8res d\u00e9nomm\u00e9e \u00ab El Mauritaniya Lil Agharatt \u00bb, en application des dispositions de l\u2019article 5 du d\u00e9cret 2025-033 du 24 mars 2025 portant r\u00e9organisation de cette soci\u00e9t\u00e9.<\/p>\n<p>L\u2019attribution de cette r\u00e9serve fonci\u00e8re permettra l\u2019\u00e9laboration d\u2019un programme \u00e0 travers lequel la soci\u00e9t\u00e9 envisage de cr\u00e9er des milliers d\u2019opportunit\u00e9s fonci\u00e8res, notamment par la production de lotissements am\u00e9nag\u00e9s et viabilis\u00e9s ; ce qui contribuera sans nul doute \u00e0 r\u00e9guler le march\u00e9 foncier national.<\/p>\n<p>\u2010 Projet de d\u00e9cret abrogeant et rempla\u00e7ant le d\u00e9cret n\u00b02013-118 du 03 juillet 2013 portant organisation du Tir \u00e0 la Cible traditionnelle.<\/p>\n<p>Ce projet de d\u00e9cret vise \u00e0 porter quelques amendements qui assurent la p\u00e9rennit\u00e9 de la structure en charge de cette activit\u00e9 pour garantir les exigences de s\u00e9curit\u00e9 n\u00e9cessaires \u00e0 la pratique de ce sport.<\/p>\n<p>Les modifications les plus importantes qui ont \u00e9t\u00e9 introduites sont les suivantes :<\/p>\n<p>\u2010 La r\u00e9f\u00e9rence du d\u00e9cret \u00e0 la loi n\u00b069-067 du 25 janvier 1969, relative aux Conditions de D\u00e9tention des armes \u00e0 Feu, au lieu de la loi r\u00e9gissant les associations ;<\/p>\n<p>\u2010 L\u2019exclusivit\u00e9 de l\u2019organisation des comp\u00e9titions du Tir Traditionnel \u00e0 la Cible au profit d\u2019une seule entit\u00e9 d\u00e9nomm\u00e9e \u00ab Bureau mauritanien du Tir Traditionnel \u00e0 la Cible \u00bb ;<\/p>\n<p>\u2010 La nomination du pr\u00e9sident du Bureau, par le d\u00e9partement de tutelle, pour un mandat de 3 ans renouvelable une seule fois ;<\/p>\n<p>\u2010 L\u2019acquisition et la gestion des armes et des munitions seront organis\u00e9es par un texte r\u00e9glementaire ;<\/p>\n<p>Cette r\u00e9vision a pour objectif de revitaliser et d\u2019assainir la gestion de cette discipline sportive authentique, en mettant en avant la pr\u00e9servation de nos valeurs culturelles et religieuses, ainsi que le renforcement de son r\u00f4le socio-\u00e9conomique au sein de nos communaut\u00e9s locales.<\/p>\n<p>A l\u2019issue de la r\u00e9union, Son Excellence Monsieur le Pr\u00e9sident de la R\u00e9publique est revenu sur le th\u00e8me de la lutte contre la corruption en rappelant sa vision et sa conviction par rapport aux effets n\u00e9gatifs de la corruption sur le pr\u00e9sent et l\u2019avenir du pays. Il a r\u00e9affirm\u00e9 sa d\u00e9termination \u00e0 appliquer les sanctions les plus s\u00e9v\u00e8res contre ceux qui ont trahi la confiance quels que soient leurs niveaux de responsabilit\u00e9 ou d\u2019influence.<\/p>\n<p>En application de ce principe, il a \u00e9t\u00e9 mis fin aujourd\u2019hui aux fonctions de tous ceux qui ont \u00e9t\u00e9 cit\u00e9s dans le rapport de la Cour des Comptes et il reviendra au parquet de d\u00e9clencher l\u2019action publique pour d\u2019\u00e9ventuelles sanctions p\u00e9nales en relation avec les faits indiqu\u00e9s dans ce rapport.<\/p>\n<p>Il a \u00e9galement enjoint les Ministres \u00e0 assumer toutes leurs responsabilit\u00e9s en imposant la transparence, le respect des proc\u00e9dures et des dispositions l\u00e9gislatives et r\u00e8glementaires en vigueur. Aussi ils doivent veiller \u00e0 la redynamisation des structures de contr\u00f4le interne des minist\u00e8res pour leur permettre de mener \u00e0 bien leur r\u00f4le de contr\u00f4le de la gestion des affaires publiques au niveau de l\u2019ensemble des administrations de l\u2019Etat aussi bien au niveau des administrations centrales que des services d\u00e9concentr\u00e9s et des \u00e9tablissements publics sous tutelle.<\/p>\n<p>De m\u00eame, il a instruit les ministres \u00e0 \u00e9viter de rester les bras crois\u00e9s attendant de nouvelles inspections ou de nouveaux rapports mettant \u00e0 nu d\u2019autres infractions. Il revient d\u00e9sormais \u00e0 tous les responsables de veiller sur la gestion des services et structures publics et partant, la correction des manquements cit\u00e9s dans le rapport de la Cour des Comptes.<\/p>\n<p>Le Ministre des Affaires Etrang\u00e8res, de la Coop\u00e9ration Africaine et des Mauritaniens de l\u2019Ext\u00e9rieur a pr\u00e9sent\u00e9 une communication relative \u00e0 la situation internationale.<\/p>\n<p>Le Ministre de l\u2019Int\u00e9rieur, de la Promotion de la D\u00e9centralisation et du D\u00e9veloppement Local a pr\u00e9sent\u00e9 une communication relative \u00e0 la situation int\u00e9rieure.<\/p>\n<p>Le Ministre des Mines et de l\u2019Industrie a pr\u00e9sent\u00e9 une communication relative \u00e0 la protection du Domaine Ferroviaire des activit\u00e9s mini\u00e8res.<\/p>\n<p>Cette communication propose des mesures visant \u00e0 rejeter toute nouvelle demande de titres miniers ou de carri\u00e8res empi\u00e9tant sur l\u2019emprise du chemin de fer, en application des dispositions du d\u00e9cret n\u00b062-058 du 23 f\u00e9vrier 1962; \u00e0 revoir les coordonn\u00e9es des permis de recherche existants qui empi\u00e8tent sur la zone du chemin de fer ; et enfin \u00e0 conditionner tout renouvellement, ou nouvel octroi de permis d\u2019exploitation et de petites mines, d\u00e9j\u00e0 enregistr\u00e9es, \u00e0 la stricte conformit\u00e9 avec la bande de protection ferroviaire.<\/p>\n<p>Le Ministre de la Culture, des Arts, de la Communication et des Relations avec le Parlement a pr\u00e9sent\u00e9 une communication relative \u00e0 l\u2019organisation de la Semaine Nationale de la Culture et des Arts du 10 ao\u00fbt au 5 octobre 2025.<\/p>\n<p>Cette communication pr\u00e9sente l\u2019objectif ultime de la Semaine Nationale qui est de promouvoir et diffuser l\u2019activit\u00e9 culturelle et l\u2019animation artistique durant la p\u00e9riode estivale. Pour atteindre cet objectif, les actions suivantes ont \u00e9t\u00e9 retenues :<\/p>\n<p>\u2013 Dynamiser la sc\u00e8ne culturelle et artistique et encourager l\u2019engagement dans les efforts de d\u00e9veloppement local ;<\/p>\n<p>\u2013 D\u00e9velopper et diffuser des messages de sensibilisation relatifs \u00e0 la coh\u00e9sion sociale, au renforcement de l\u2019unit\u00e9 nationale et \u00e0 la lutte contre les discours de haine et d\u2019extr\u00e9misme.<\/p>\n<p>\u2013 Redonner \u00e0 la lecture sa place d\u2019instrument de d\u00e9veloppement des connaissances et d\u2019\u00e9l\u00e9vation de la soci\u00e9t\u00e9 ;<\/p>\n<p>\u2013 Promouvoir le tourisme int\u00e9rieur ;<\/p>\n<p>\u2013 Encourager la soci\u00e9t\u00e9 \u00e0 s\u2019attacher aux valeurs religieuses et morales et au patrimoine culturel ;<\/p>\n<p>\u2013 Sensibiliser aux dangers de l\u2019usage des stup\u00e9fiants ;<\/p>\n<p>\u2013 Sensibiliser aux risques li\u00e9s \u00e0 l\u2019usage non s\u00e9curis\u00e9 de l\u2019internet ;<\/p>\n<p>\u2013 D\u00e9couvrir les talents et favoriser leur \u00e9panouissement ;<\/p>\n<p>\u2013 D\u00e9velopper la discipline comportementale.<\/p>\n<p>Enfin, le Conseil a pris les mesures individuelles suivantes :<\/p>\n<p>Secr\u00e9tariat G\u00e9n\u00e9ral de la Pr\u00e9sidence de la R\u00e9publique<\/p>\n<p>D\u00e9l\u00e9gation G\u00e9n\u00e9rale \u00e0 la Solidarit\u00e9 Nationale et \u00e0 la Lutte contre l\u2019Exclusion (Taazour) :<\/p>\n<p>Secr\u00e9tariat G\u00e9n\u00e9ral<\/p>\n<p>\u2013 Secr\u00e9taire g\u00e9n\u00e9ral : Nouey Ould Cheikh, pr\u00e9c\u00e9demment Secr\u00e9taire G\u00e9n\u00e9ral du Minist\u00e8re de l\u2019Enseignement Sup\u00e9rieur et de la Recherche Scientifique.<\/p>\n<p>Minist\u00e8re des Finances<\/p>\n<p>Cabinet du Ministre<\/p>\n<p>Inspection G\u00e9n\u00e9rale des Finances<\/p>\n<p>Il est mis fin aux fonctions de l\u2019Inspecteur G\u00e9n\u00e9ral des Finances Amara Soumar\u00e9<br \/>\nMinist\u00e8re de l\u2019\u00c9nergie et du P\u00e9trole<\/p>\n<p>Cabinet du ministre<\/p>\n<p>Il est mis fin aux fonctions de :<\/p>\n<p>\u2013 Charg\u00e9 de mission : Tourade Abed El Baghi<\/p>\n<p>\u2013 Conseiller Technique : El Moustapha B\u00e9chir<\/p>\n<p>Minist\u00e8re des Mines et de l\u2019Industrie<\/p>\n<p>Secr\u00e9tariat G\u00e9n\u00e9ral<\/p>\n<p>\u2013 Il est mis fin aux fonctions du Secr\u00e9taire G\u00e9n\u00e9ral Ahmed Salem Bouhada,<\/p>\n<p>Administration Centrale<\/p>\n<p>Direction G\u00e9n\u00e9rale des Mines<\/p>\n<p>\u2013 Il est mis fin aux fonctions du Directeur G\u00e9n\u00e9ral des Mines Mohamed Yahya Zerrough<\/p>\n<p>Minist\u00e8re de la P\u00eache, des Infrastructures Maritimes et Portuaires \u00c9tablissements Publics<\/p>\n<p>Etablissement Portuaire de la Baie de Repos<\/p>\n<p>\u2013 <strong>Il est mis fin aux fonctions du Directeur G\u00e9n\u00e9ral Taleb Sid\u2019Ahmed<br \/>\nMarch\u00e9 aux Poissons de Nouakchott<\/strong><\/p>\n<p>\u2013 Il est mis fin aux fonctions du Directeur G\u00e9n\u00e9ral Cheibeta Habib Sidi Maouloud<\/p>\n<p>Minist\u00e8re de l\u2019Agriculture et de la Souverainet\u00e9 Alimentaire<\/p>\n<p>\u00c9tablissements Publics<\/p>\n<p>\u2013 Il est mis fin aux fonctions du Directeur G\u00e9n\u00e9ral de la Soci\u00e9t\u00e9 Nationale d\u2019Am\u00e9nagement Agricole et des Travaux (SNAAT) Khatri Ould El Atiqh,<\/p>\n<p>Minist\u00e8re de l\u2019Elevage<\/p>\n<p>Secr\u00e9tariat G\u00e9n\u00e9ral<\/p>\n<p>\u2013 Il est mis fin aux fonctions du Secr\u00e9taire G\u00e9n\u00e9ral Sadvi Sidi Mohamed.<\/p>\n<p>\u00c9tablissements Publics<\/p>\n<p>\u2013 Il est mis fin aux fonctions du Directeur G\u00e9n\u00e9ral de la Soci\u00e9t\u00e9 des Abattoirs de Nouakchott Mohamed Salek Ould Ahmeida,<br \/>\nMinist\u00e8re du Commerce et du Tourisme<\/p>\n<p>\u00c9tablissements Publics<\/p>\n<p>Office National du Tourisme<\/p>\n<p>\u2013 Directrice G\u00e9n\u00e9rale : Hawa Abou Mussa Diallo, pr\u00e9c\u00e9demment D\u00e9l\u00e9gu\u00e9e G\u00e9n\u00e9rale des Expositions<\/p>\n<p>Minist\u00e8re de l\u2019\u00c9quipement et des Transports<\/p>\n<p>Administration Centrale<\/p>\n<p>Direction des Etudes des Infrastructures de Transport Routier<\/p>\n<p>\u2013 Il est mis fin aux fonctions du Directeur Mohamed Cheikh Zarrough.<br \/>\nAmi<\/p>\n","protected":false},"excerpt":{"rendered":"<p>Le Conseil des Ministres s\u2019est r\u00e9uni le Mardi 21 Octobre 2025, sous la Pr\u00e9sidence de Son Excellence Monsieur Mohamed OULD CHEIKH EL-GHAZOUANI, Pr\u00e9sident de la R\u00e9publique. Le Conseil a examin\u00e9 et adopt\u00e9 les projets de d\u00e9crets suivants : \u2010 Projet de d\u00e9cret portant nomination du Pr\u00e9sident du Conseil d\u2019Administration du Centre Hospitalier de Zou\u00e9rate. \u2010 &hellip;<\/p>\n","protected":false},"author":2,"featured_media":16698,"comment_status":"open","ping_status":"open","sticky":false,"template":"","format":"standard","meta":{"footnotes":""},"categories":[18,2,31],"tags":[],"class_list":["post-18816","post","type-post","status-publish","format-standard","has-post-thumbnail","hentry","category-actualites","category-economie","category-politique-et-reportages"],"_links":{"self":[{"href":"https:\/\/ladepeche.mr\/index.php?rest_route=\/wp\/v2\/posts\/18816","targetHints":{"allow":["GET"]}}],"collection":[{"href":"https:\/\/ladepeche.mr\/index.php?rest_route=\/wp\/v2\/posts"}],"about":[{"href":"https:\/\/ladepeche.mr\/index.php?rest_route=\/wp\/v2\/types\/post"}],"author":[{"embeddable":true,"href":"https:\/\/ladepeche.mr\/index.php?rest_route=\/wp\/v2\/users\/2"}],"replies":[{"embeddable":true,"href":"https:\/\/ladepeche.mr\/index.php?rest_route=%2Fwp%2Fv2%2Fcomments&post=18816"}],"version-history":[{"count":1,"href":"https:\/\/ladepeche.mr\/index.php?rest_route=\/wp\/v2\/posts\/18816\/revisions"}],"predecessor-version":[{"id":18817,"href":"https:\/\/ladepeche.mr\/index.php?rest_route=\/wp\/v2\/posts\/18816\/revisions\/18817"}],"wp:featuredmedia":[{"embeddable":true,"href":"https:\/\/ladepeche.mr\/index.php?rest_route=\/wp\/v2\/media\/16698"}],"wp:attachment":[{"href":"https:\/\/ladepeche.mr\/index.php?rest_route=%2Fwp%2Fv2%2Fmedia&parent=18816"}],"wp:term":[{"taxonomy":"category","embeddable":true,"href":"https:\/\/ladepeche.mr\/index.php?rest_route=%2Fwp%2Fv2%2Fcategories&post=18816"},{"taxonomy":"post_tag","embeddable":true,"href":"https:\/\/ladepeche.mr\/index.php?rest_route=%2Fwp%2Fv2%2Ftags&post=18816"}],"curies":[{"name":"wp","href":"https:\/\/api.w.org\/{rel}","templated":true}]}}