{"id":18842,"date":"2025-10-23T11:06:29","date_gmt":"2025-10-23T11:06:29","guid":{"rendered":"https:\/\/ladepeche.mr\/?p=18842"},"modified":"2025-10-23T14:02:58","modified_gmt":"2025-10-23T14:02:58","slug":"droits-de-lhomme-le-gouvernement-defend-son-bilan-en-devant-la-commission-africaine","status":"publish","type":"post","link":"https:\/\/ladepeche.mr\/?p=18842","title":{"rendered":"Droits de l\u2019homme: Le gouvernement d\u00e9fend son bilan devant la Commission africaine"},"content":{"rendered":"<p>La d\u00e9l\u00e9gation de la R\u00e9publique islamique de Mauritanie a pr\u00e9sent\u00e9, jeudi \u00e0 Banjul, les principaux progr\u00e8s r\u00e9alis\u00e9s par le pays dans le domaine de la promotion et de la protection des droits de l\u2019homme, \u00e0 l\u2019occasion de la 85\u1d49 session de la Commission africaine des droits de l\u2019homme et des peuples.<br \/>\nConduite par l\u2019ambassadeur de Mauritanie en Gambie, S.E. Hammoud Ould Abdi, la d\u00e9l\u00e9gation a salu\u00e9 le r\u00f4le essentiel de la Commission dans la d\u00e9fense des droits de l\u2019homme sur le continent et f\u00e9licit\u00e9 son nouveau bureau pour son \u00e9lection.<br \/>\nDans son allocution, M. Ould Abdi a mis en avant la Strat\u00e9gie nationale de promotion et de protection des droits de l\u2019homme 2024-2028, premi\u00e8re du genre en Mauritanie, qui vise \u00e0 concr\u00e9tiser les engagements du pays en mati\u00e8re de droits civils, politiques, \u00e9conomiques et sociaux.<br \/>\nL\u2019ambassadeur a \u00e9galement \u00e9voqu\u00e9 les efforts entrepris pour moderniser la justice, renforcer le syst\u00e8me \u00e9ducatif \u00e0 travers le projet de l\u2019\u00c9cole r\u00e9publicaine, et am\u00e9liorer les services de sant\u00e9, dont le taux d\u2019acc\u00e8s atteint d\u00e9sormais environ 80 %.<br \/>\nLe chef de la d\u00e9l\u00e9gation a soulign\u00e9 la coop\u00e9ration active de la Mauritanie avec les m\u00e9canismes internationaux et africains des droits de l\u2019homme, citant notamment l\u2019\u00e9lection du pays au Comit\u00e9 des Nations Unies contre la torture, la soumission de rapports p\u00e9riodiques aux organes comp\u00e9tents et la visite du Rapporteur sp\u00e9cial des Nations Unies sur les droits des migrants, qui a salu\u00e9 les avanc\u00e9es nationales.<br \/>\nM. Ould Abdi a r\u00e9affirm\u00e9 l\u2019engagement du gouvernement mauritanien \u00e0 poursuivre sa collaboration avec la Commission africaine, annon\u00e7ant la pr\u00e9sentation du 18\u1d49 rapport p\u00e9riodique sur la mise en \u0153uvre de la Charte africaine avant la fin de l\u2019ann\u00e9e.<br \/>\nLa d\u00e9l\u00e9gation comprenait \u00e9galement le directeur des droits de l\u2019homme, M. Sidi Mohamed Ould Limam, le directeur des relations avec la soci\u00e9t\u00e9 civile, M. Isselmou Ould Ely, ainsi que des conseillers de l\u2019ambassade de Mauritanie \u00e0 Banjul.<br \/>\n(avec Ami)<\/p>\n","protected":false},"excerpt":{"rendered":"<p>La d\u00e9l\u00e9gation de la R\u00e9publique islamique de Mauritanie a pr\u00e9sent\u00e9, jeudi \u00e0 Banjul, les principaux progr\u00e8s r\u00e9alis\u00e9s par le pays dans le domaine de la promotion et de la protection des droits de l\u2019homme, \u00e0 l\u2019occasion de la 85\u1d49 session de la Commission africaine des droits de l\u2019homme et des peuples. Conduite par l\u2019ambassadeur de &hellip;<\/p>\n","protected":false},"author":2,"featured_media":18843,"comment_status":"open","ping_status":"open","sticky":false,"template":"","format":"standard","meta":{"footnotes":""},"categories":[18,29],"tags":[],"class_list":["post-18842","post","type-post","status-publish","format-standard","has-post-thumbnail","hentry","category-actualites","category-monde"],"_links":{"self":[{"href":"https:\/\/ladepeche.mr\/index.php?rest_route=\/wp\/v2\/posts\/18842","targetHints":{"allow":["GET"]}}],"collection":[{"href":"https:\/\/ladepeche.mr\/index.php?rest_route=\/wp\/v2\/posts"}],"about":[{"href":"https:\/\/ladepeche.mr\/index.php?rest_route=\/wp\/v2\/types\/post"}],"author":[{"embeddable":true,"href":"https:\/\/ladepeche.mr\/index.php?rest_route=\/wp\/v2\/users\/2"}],"replies":[{"embeddable":true,"href":"https:\/\/ladepeche.mr\/index.php?rest_route=%2Fwp%2Fv2%2Fcomments&post=18842"}],"version-history":[{"count":2,"href":"https:\/\/ladepeche.mr\/index.php?rest_route=\/wp\/v2\/posts\/18842\/revisions"}],"predecessor-version":[{"id":18855,"href":"https:\/\/ladepeche.mr\/index.php?rest_route=\/wp\/v2\/posts\/18842\/revisions\/18855"}],"wp:featuredmedia":[{"embeddable":true,"href":"https:\/\/ladepeche.mr\/index.php?rest_route=\/wp\/v2\/media\/18843"}],"wp:attachment":[{"href":"https:\/\/ladepeche.mr\/index.php?rest_route=%2Fwp%2Fv2%2Fmedia&parent=18842"}],"wp:term":[{"taxonomy":"category","embeddable":true,"href":"https:\/\/ladepeche.mr\/index.php?rest_route=%2Fwp%2Fv2%2Fcategories&post=18842"},{"taxonomy":"post_tag","embeddable":true,"href":"https:\/\/ladepeche.mr\/index.php?rest_route=%2Fwp%2Fv2%2Ftags&post=18842"}],"curies":[{"name":"wp","href":"https:\/\/api.w.org\/{rel}","templated":true}]}}