{"id":18877,"date":"2025-10-24T17:50:49","date_gmt":"2025-10-24T17:50:49","guid":{"rendered":"https:\/\/ladepeche.mr\/?p=18877"},"modified":"2025-10-24T17:52:03","modified_gmt":"2025-10-24T17:52:03","slug":"association-sahel-dev-communique-de-report-de-la-6eme-edition","status":"publish","type":"post","link":"https:\/\/ladepeche.mr\/?p=18877","title":{"rendered":"Association Sahel D\u00e9v: Communiqu\u00e9 de report de la 6\u00e8me \u00e9dition"},"content":{"rendered":"<p>L\u2019association Sahel D\u00e9v annonce le report de la 6\u1d49 \u00e9dition du Festival Nouadhibou Image, initialement pr\u00e9vue pour la fin de cette semaine.<\/p>\n<p>Ce report est d\u00fb \u00e0 des contraintes techniques impr\u00e9vues li\u00e9es \u00e0 la disponibilit\u00e9 de certains participants venant de l\u2019ext\u00e9rieur de la ville de Nouadhibou. Le festival se tiendra d\u00e9sormais, Incha Allah, du 14 au 16 novembre 2025.<\/p>\n<p>L\u2019association pr\u00e9sente ses excuses \u00e0 son cher public pour ce changement, et r\u00e9affirme que les pr\u00e9paratifs se poursuivent afin d\u2019organiser une \u00e9dition de qualit\u00e9, \u00e0 la hauteur des attentes des visiteurs et participants.<\/p>\n<p>Comit\u00e9 d\u2019organisation du Festival Nouadhibou Image<\/p>\n<p>Nouadhibou le 22 oct 2025<\/p>\n","protected":false},"excerpt":{"rendered":"<p>L\u2019association Sahel D\u00e9v annonce le report de la 6\u1d49 \u00e9dition du Festival Nouadhibou Image, initialement pr\u00e9vue pour la fin de cette semaine. Ce report est d\u00fb \u00e0 des contraintes techniques impr\u00e9vues li\u00e9es \u00e0 la disponibilit\u00e9 de certains participants venant de l\u2019ext\u00e9rieur de la ville de Nouadhibou. Le festival se tiendra d\u00e9sormais, Incha Allah, du 14 &hellip;<\/p>\n","protected":false},"author":2,"featured_media":18577,"comment_status":"open","ping_status":"open","sticky":false,"template":"","format":"standard","meta":{"footnotes":""},"categories":[18,21],"tags":[],"class_list":["post-18877","post","type-post","status-publish","format-standard","has-post-thumbnail","hentry","category-actualites","category-fluctuations"],"_links":{"self":[{"href":"https:\/\/ladepeche.mr\/index.php?rest_route=\/wp\/v2\/posts\/18877","targetHints":{"allow":["GET"]}}],"collection":[{"href":"https:\/\/ladepeche.mr\/index.php?rest_route=\/wp\/v2\/posts"}],"about":[{"href":"https:\/\/ladepeche.mr\/index.php?rest_route=\/wp\/v2\/types\/post"}],"author":[{"embeddable":true,"href":"https:\/\/ladepeche.mr\/index.php?rest_route=\/wp\/v2\/users\/2"}],"replies":[{"embeddable":true,"href":"https:\/\/ladepeche.mr\/index.php?rest_route=%2Fwp%2Fv2%2Fcomments&post=18877"}],"version-history":[{"count":2,"href":"https:\/\/ladepeche.mr\/index.php?rest_route=\/wp\/v2\/posts\/18877\/revisions"}],"predecessor-version":[{"id":18879,"href":"https:\/\/ladepeche.mr\/index.php?rest_route=\/wp\/v2\/posts\/18877\/revisions\/18879"}],"wp:featuredmedia":[{"embeddable":true,"href":"https:\/\/ladepeche.mr\/index.php?rest_route=\/wp\/v2\/media\/18577"}],"wp:attachment":[{"href":"https:\/\/ladepeche.mr\/index.php?rest_route=%2Fwp%2Fv2%2Fmedia&parent=18877"}],"wp:term":[{"taxonomy":"category","embeddable":true,"href":"https:\/\/ladepeche.mr\/index.php?rest_route=%2Fwp%2Fv2%2Fcategories&post=18877"},{"taxonomy":"post_tag","embeddable":true,"href":"https:\/\/ladepeche.mr\/index.php?rest_route=%2Fwp%2Fv2%2Ftags&post=18877"}],"curies":[{"name":"wp","href":"https:\/\/api.w.org\/{rel}","templated":true}]}}