{"id":18925,"date":"2025-10-30T11:01:27","date_gmt":"2025-10-30T11:01:27","guid":{"rendered":"https:\/\/ladepeche.mr\/?p=18925"},"modified":"2025-10-31T11:10:18","modified_gmt":"2025-10-31T11:10:18","slug":"logistique-militaire-lue-arme-les-forces-armees-mauritaniennes-en-drones","status":"publish","type":"post","link":"https:\/\/ladepeche.mr\/?p=18925","title":{"rendered":"Logistique militaire : L\u2019Ue d\u00e9livre des drones de surveillance \u00e0 l\u2019arm\u00e9e mauritanienne (actualisation)"},"content":{"rendered":"<p>Une formation technique sur les drones longue port\u00e9e dispens\u00e9e par l\u2019Ue au profit des Forces arm\u00e9es mauritaniennes a \u00e9t\u00e9 sanctionn\u00e9e par la d\u00e9livrance de deux drones de pointe, a-t-on officiellement annonc\u00e9.<br \/>\nLa livraison des drones de longue port\u00e9e a \u00e9t\u00e9 effectu\u00e9e dans le cadre du projet d&#8217;appui \u00e0 la Force conjointe G5 Sahel, soutenu par l&#8217;Union europ\u00e9enne via Expertise France, tient-on de m\u00eame source.<br \/>\nL\u2019affectation de ces drones vise \u00e0 renforcer les capacit\u00e9s d&#8217;observation et de surveillance des forces arm\u00e9es mauritaniennes, au service de la s\u00e9curit\u00e9 et de la stabilit\u00e9 du pays, indique l\u2019Union Europ\u00e9enne.<br \/>\nPour \u00eatre v\u00e9ritablement efficace un drone, expliquent les sp\u00e9cialistes, il est primordial \u00abd&#8217;optimiser la capacit\u00e9 de sa batterie, de s\u00e9lectionner des syst\u00e8mes de propulsion efficaces, d&#8217;utiliser des mat\u00e9riaux l\u00e9gers mais durables, d&#8217;int\u00e9grer des syst\u00e8mes de navigation et de communication avanc\u00e9s\u2026 \u00bb.<br \/>\nLa formation des \u00e9l\u00e9ments de l\u2019arm\u00e9e nationale a \u00e9t\u00e9 effectu\u00e9e, rappelle-t-on enfin, aupr\u00e8s de 8 composantes des forces arm\u00e9es mauritaniennes. <\/p>\n","protected":false},"excerpt":{"rendered":"<p>Une formation technique sur les drones longue port\u00e9e dispens\u00e9e par l\u2019Ue au profit des Forces arm\u00e9es mauritaniennes a \u00e9t\u00e9 sanctionn\u00e9e par la d\u00e9livrance de deux drones de pointe, a-t-on officiellement annonc\u00e9. La livraison des drones de longue port\u00e9e a \u00e9t\u00e9 effectu\u00e9e dans le cadre du projet d&#8217;appui \u00e0 la Force conjointe G5 Sahel, soutenu par &hellip;<\/p>\n","protected":false},"author":2,"featured_media":18926,"comment_status":"open","ping_status":"open","sticky":false,"template":"","format":"standard","meta":{"footnotes":""},"categories":[18,29,28],"tags":[],"class_list":["post-18925","post","type-post","status-publish","format-standard","has-post-thumbnail","hentry","category-actualites","category-monde","category-sahel"],"_links":{"self":[{"href":"https:\/\/ladepeche.mr\/index.php?rest_route=\/wp\/v2\/posts\/18925","targetHints":{"allow":["GET"]}}],"collection":[{"href":"https:\/\/ladepeche.mr\/index.php?rest_route=\/wp\/v2\/posts"}],"about":[{"href":"https:\/\/ladepeche.mr\/index.php?rest_route=\/wp\/v2\/types\/post"}],"author":[{"embeddable":true,"href":"https:\/\/ladepeche.mr\/index.php?rest_route=\/wp\/v2\/users\/2"}],"replies":[{"embeddable":true,"href":"https:\/\/ladepeche.mr\/index.php?rest_route=%2Fwp%2Fv2%2Fcomments&post=18925"}],"version-history":[{"count":3,"href":"https:\/\/ladepeche.mr\/index.php?rest_route=\/wp\/v2\/posts\/18925\/revisions"}],"predecessor-version":[{"id":18940,"href":"https:\/\/ladepeche.mr\/index.php?rest_route=\/wp\/v2\/posts\/18925\/revisions\/18940"}],"wp:featuredmedia":[{"embeddable":true,"href":"https:\/\/ladepeche.mr\/index.php?rest_route=\/wp\/v2\/media\/18926"}],"wp:attachment":[{"href":"https:\/\/ladepeche.mr\/index.php?rest_route=%2Fwp%2Fv2%2Fmedia&parent=18925"}],"wp:term":[{"taxonomy":"category","embeddable":true,"href":"https:\/\/ladepeche.mr\/index.php?rest_route=%2Fwp%2Fv2%2Fcategories&post=18925"},{"taxonomy":"post_tag","embeddable":true,"href":"https:\/\/ladepeche.mr\/index.php?rest_route=%2Fwp%2Fv2%2Ftags&post=18925"}],"curies":[{"name":"wp","href":"https:\/\/api.w.org\/{rel}","templated":true}]}}