{"id":1895,"date":"2022-09-13T19:58:00","date_gmt":"2022-09-13T19:58:00","guid":{"rendered":"https:\/\/ladepeche.mr\/?p=1895"},"modified":"2022-09-13T19:58:45","modified_gmt":"2022-09-13T19:58:45","slug":"affaire-aziz-tout-nest-pas-fini-malgre-la-levee-de-la-residence-surveillee","status":"publish","type":"post","link":"https:\/\/ladepeche.mr\/?p=1895","title":{"rendered":"Affaire Aziz: Tout n\u2019est pas fini malgr\u00e9 la lev\u00e9e de la r\u00e9sidence surveill\u00e9e"},"content":{"rendered":"<p class=\"p1\"><span class=\"s1\">La chambre d&#8217;accusation a confirm\u00e9 toutes les d\u00e9cisions que le p\u00f4le d&#8217;enqu\u00eate avait prises pr\u00e9c\u00e9demment dans le dossier dit de la \u00abd\u00e9cennie\u00a0\u00bb, r\u00e9v\u00e8le nos confr\u00e8res de \u00ab\u00a0Mourassiloun\u00a0\u00bb.<\/span><\/p>\n<p class=\"p1\"><span class=\"s1\">Une telle d\u00e9cision signifierait la poursuite des proc\u00e9dures judiciaires contre toutes les personnes cit\u00e9es dont notamment l&#8217;ancien pr\u00e9sident Mohamed Ould Abdel Aziz et les 12 personnes cit\u00e9es avec lui dans ce dossier.<\/span><\/p>\n<p class=\"p1\"><span class=\"s1\">De m\u00eame source, on indique que le dossier sera transf\u00e9r\u00e9 \u00e0 la chambre criminelle de la Cour supr\u00eame, qui confirmera ou infirmera ces d\u00e9cisions avant le jugement proprement dit.<\/span><\/p>\n<p class=\"p1\"><span class=\"s1\">Il y a quelques jours, l\u2019ancien pr\u00e9sident, MOhamed Ould Abdelaziz, plac\u00e9 en r\u00e9sidence surveill\u00e9e, avait \u00e9t\u00e9 lib\u00e9r\u00e9 apr\u00e8s la fin du d\u00e9lai l\u00e9gal et avait recouvr\u00e9 sa libert\u00e9 de mouvement.<\/span><\/p>\n","protected":false},"excerpt":{"rendered":"<p>La chambre d&#8217;accusation a confirm\u00e9 toutes les d\u00e9cisions que le p\u00f4le d&#8217;enqu\u00eate avait prises pr\u00e9c\u00e9demment dans le dossier dit de la \u00abd\u00e9cennie\u00a0\u00bb, r\u00e9v\u00e8le nos confr\u00e8res de \u00ab\u00a0Mourassiloun\u00a0\u00bb. Une telle d\u00e9cision signifierait la poursuite des proc\u00e9dures judiciaires contre toutes les personnes cit\u00e9es dont notamment l&#8217;ancien pr\u00e9sident Mohamed Ould Abdel Aziz et les 12 personnes cit\u00e9es avec &hellip;<\/p>\n","protected":false},"author":2,"featured_media":1896,"comment_status":"open","ping_status":"open","sticky":false,"template":"","format":"standard","meta":{"footnotes":""},"categories":[18],"tags":[],"class_list":["post-1895","post","type-post","status-publish","format-standard","has-post-thumbnail","hentry","category-actualites"],"_links":{"self":[{"href":"https:\/\/ladepeche.mr\/index.php?rest_route=\/wp\/v2\/posts\/1895","targetHints":{"allow":["GET"]}}],"collection":[{"href":"https:\/\/ladepeche.mr\/index.php?rest_route=\/wp\/v2\/posts"}],"about":[{"href":"https:\/\/ladepeche.mr\/index.php?rest_route=\/wp\/v2\/types\/post"}],"author":[{"embeddable":true,"href":"https:\/\/ladepeche.mr\/index.php?rest_route=\/wp\/v2\/users\/2"}],"replies":[{"embeddable":true,"href":"https:\/\/ladepeche.mr\/index.php?rest_route=%2Fwp%2Fv2%2Fcomments&post=1895"}],"version-history":[{"count":2,"href":"https:\/\/ladepeche.mr\/index.php?rest_route=\/wp\/v2\/posts\/1895\/revisions"}],"predecessor-version":[{"id":1898,"href":"https:\/\/ladepeche.mr\/index.php?rest_route=\/wp\/v2\/posts\/1895\/revisions\/1898"}],"wp:featuredmedia":[{"embeddable":true,"href":"https:\/\/ladepeche.mr\/index.php?rest_route=\/wp\/v2\/media\/1896"}],"wp:attachment":[{"href":"https:\/\/ladepeche.mr\/index.php?rest_route=%2Fwp%2Fv2%2Fmedia&parent=1895"}],"wp:term":[{"taxonomy":"category","embeddable":true,"href":"https:\/\/ladepeche.mr\/index.php?rest_route=%2Fwp%2Fv2%2Fcategories&post=1895"},{"taxonomy":"post_tag","embeddable":true,"href":"https:\/\/ladepeche.mr\/index.php?rest_route=%2Fwp%2Fv2%2Ftags&post=1895"}],"curies":[{"name":"wp","href":"https:\/\/api.w.org\/{rel}","templated":true}]}}