{"id":18974,"date":"2025-11-03T14:30:09","date_gmt":"2025-11-03T14:30:09","guid":{"rendered":"https:\/\/ladepeche.mr\/?p=18974"},"modified":"2025-11-03T13:20:16","modified_gmt":"2025-11-03T13:20:16","slug":"le-ministre-des-affaires-economiques-sentretient-avec-lambassadeur-du-japon-sur-les-moyens-de-renforcer-la-cooperation-bilaterale","status":"publish","type":"post","link":"https:\/\/ladepeche.mr\/?p=18974","title":{"rendered":"Le ministre des Affaires \u00e9conomiques s\u2019entretient avec l\u2019ambassadeur du Japon sur les moyens de renforcer la coop\u00e9ration bilat\u00e9rale"},"content":{"rendered":"<p>Son Excellence le  ministre des Affaires \u00e9conomiques et du D\u00e9veloppement, Dr Abdallah O. Souleymane O. Cheikh Sidia, a re\u00e7u en audience  lundi matin, dans son bureau \u00e0 Nouakchott, SEM. Uchida Tatsukuni, ambassadeur de l\u2019Empire du Japon accr\u00e9dit\u00e9 aupr\u00e8s de la Mauritanie.<\/p>\n<p>La rencontre a port\u00e9 sur l\u2019examen des relations de coop\u00e9ration fructueuse entre les deux pays et sur les perspectives de leur consolidation et de leur d\u00e9veloppement dans divers domaines d\u2019int\u00e9r\u00eat commun.<\/p>\n<p>Ont pris part \u00e0 l&#8217;entretien M. Yacoub O. Ahmed A\u00efcha, secr\u00e9taire g\u00e9n\u00e9ral du minist\u00e8re des Affaires \u00e9conomiques et du D\u00e9veloppement, et M. Mohamed Salem O. Nani, directeur g\u00e9n\u00e9ral des Financements et de la Coop\u00e9ration \u00e9conomique au sein dudit minist\u00e8re.<\/p>\n<p>Il convient de rappeler que le Japon demeure un partenaire de d\u00e9veloppement majeur de la Mauritanie. Cette coop\u00e9ration couvre plusieurs secteurs vitaux et strat\u00e9giques, notamment la s\u00e9curit\u00e9 alimentaire, la p\u00eache, l\u2019appui aux projets de d\u00e9veloppement ainsi que la coop\u00e9ration technique et financi\u00e8re.<\/p>\n","protected":false},"excerpt":{"rendered":"<p>Son Excellence le ministre des Affaires \u00e9conomiques et du D\u00e9veloppement, Dr Abdallah O. Souleymane O. Cheikh Sidia, a re\u00e7u en audience lundi matin, dans son bureau \u00e0 Nouakchott, SEM. Uchida Tatsukuni, ambassadeur de l\u2019Empire du Japon accr\u00e9dit\u00e9 aupr\u00e8s de la Mauritanie. La rencontre a port\u00e9 sur l\u2019examen des relations de coop\u00e9ration fructueuse entre les deux &hellip;<\/p>\n","protected":false},"author":2,"featured_media":18975,"comment_status":"open","ping_status":"open","sticky":false,"template":"","format":"standard","meta":{"footnotes":""},"categories":[18],"tags":[],"class_list":["post-18974","post","type-post","status-publish","format-standard","has-post-thumbnail","hentry","category-actualites"],"_links":{"self":[{"href":"https:\/\/ladepeche.mr\/index.php?rest_route=\/wp\/v2\/posts\/18974","targetHints":{"allow":["GET"]}}],"collection":[{"href":"https:\/\/ladepeche.mr\/index.php?rest_route=\/wp\/v2\/posts"}],"about":[{"href":"https:\/\/ladepeche.mr\/index.php?rest_route=\/wp\/v2\/types\/post"}],"author":[{"embeddable":true,"href":"https:\/\/ladepeche.mr\/index.php?rest_route=\/wp\/v2\/users\/2"}],"replies":[{"embeddable":true,"href":"https:\/\/ladepeche.mr\/index.php?rest_route=%2Fwp%2Fv2%2Fcomments&post=18974"}],"version-history":[{"count":1,"href":"https:\/\/ladepeche.mr\/index.php?rest_route=\/wp\/v2\/posts\/18974\/revisions"}],"predecessor-version":[{"id":18976,"href":"https:\/\/ladepeche.mr\/index.php?rest_route=\/wp\/v2\/posts\/18974\/revisions\/18976"}],"wp:featuredmedia":[{"embeddable":true,"href":"https:\/\/ladepeche.mr\/index.php?rest_route=\/wp\/v2\/media\/18975"}],"wp:attachment":[{"href":"https:\/\/ladepeche.mr\/index.php?rest_route=%2Fwp%2Fv2%2Fmedia&parent=18974"}],"wp:term":[{"taxonomy":"category","embeddable":true,"href":"https:\/\/ladepeche.mr\/index.php?rest_route=%2Fwp%2Fv2%2Fcategories&post=18974"},{"taxonomy":"post_tag","embeddable":true,"href":"https:\/\/ladepeche.mr\/index.php?rest_route=%2Fwp%2Fv2%2Ftags&post=18974"}],"curies":[{"name":"wp","href":"https:\/\/api.w.org\/{rel}","templated":true}]}}