{"id":18980,"date":"2025-11-03T13:36:08","date_gmt":"2025-11-03T13:36:08","guid":{"rendered":"https:\/\/ladepeche.mr\/?p=18980"},"modified":"2025-11-03T13:41:30","modified_gmt":"2025-11-03T13:41:30","slug":"la-fille-de-abdallah-sidi-cheikh-exige-la-verite-sur-la-mort-de-son-pere-2","status":"publish","type":"post","link":"https:\/\/ladepeche.mr\/?p=18980","title":{"rendered":"La fille de Abdallah Sidi Cheikh exige la v\u00e9rit\u00e9 sur la mort de son p\u00e8re"},"content":{"rendered":"<p>La v\u00e9rit\u00e9, toute la v\u00e9rit\u00e9 et rien que la v\u00e9rit\u00e9 ! C\u2019est le souhait exprim\u00e9 par Maryam Abdallah Sidi Cheikh, fille de l\u2019ing\u00e9nieur du minist\u00e8re de l\u2019Habitat Abdallah Ould Sidi Cheikh, pour connaitre les circonstances de sa mort. Le d\u00e9funt avait \u00e9t\u00e9 retrouv\u00e9 pendu \u00e0 son domicile.<br \/>\nElle a affirm\u00e9 , dans une d\u00e9claration diffus\u00e9e sur la toile et relay\u00e9e par nos confr\u00e8res de Alakhbar que son p\u00e8re lui avait confi\u00e9, ainsi qu\u2019\u00e0 son jeune fr\u00e8re, quelque temps auparavant, que certaines personnes lui causaient \u00ab beaucoup de probl\u00e8mes \u00bb.<br \/>\nElle a ajout\u00e9, selon les m\u00eames sources, que la famille d\u00e9tenait actuellement les identit\u00e9s des personnes impliqu\u00e9es dans le harc\u00e8lement de son p\u00e8re.<br \/>\nElle a demand\u00e9 l\u2019ouverture d\u2019une enqu\u00eate sur la mort de ce dernier, pr\u00e9cisant qu\u2019il n\u2019\u00e9tait pas malade et ne prenait aucun m\u00e9dicament soulignant qu\u2019il existait des raisons derri\u00e8re ce qui est pr\u00e9sent\u00e9 comme un suicide.<br \/>\nMaryam Abdallah a \u00e9galement lanc\u00e9 un appel \u00e0 l\u2019opinion publique pour qu\u2019elle soutienne la famille face aux agissements des personnes \u2014 dont elle n\u2019a pas r\u00e9v\u00e9l\u00e9 les noms \u2014 responsables du sort de son p\u00e8re, qui laisse derri\u00e8re lui des orphelins et des parents \u00e2g\u00e9s et fragiles, selon ses propos.<br \/>\nOuld Sidi Cheikh avait \u00e9t\u00e9 retrouv\u00e9, samedi, pendu \u00e0 son domicile \u00e0 Tevragh Zeina, \u00e0 Nouakchott. Depuis une enqu\u00eate avait \u00e9t\u00e9 ouverte pour d\u00e9terminer les circonstances du drame.<\/p>\n","protected":false},"excerpt":{"rendered":"<p>La v\u00e9rit\u00e9, toute la v\u00e9rit\u00e9 et rien que la v\u00e9rit\u00e9 ! C\u2019est le souhait exprim\u00e9 par Maryam Abdallah Sidi Cheikh, fille de l\u2019ing\u00e9nieur du minist\u00e8re de l\u2019Habitat Abdallah Ould Sidi Cheikh, pour connaitre les circonstances de sa mort. Le d\u00e9funt avait \u00e9t\u00e9 retrouv\u00e9 pendu \u00e0 son domicile. Elle a affirm\u00e9 , dans une d\u00e9claration diffus\u00e9e &hellip;<\/p>\n","protected":false},"author":2,"featured_media":18984,"comment_status":"open","ping_status":"open","sticky":false,"template":"","format":"standard","meta":{"footnotes":""},"categories":[18],"tags":[],"class_list":["post-18980","post","type-post","status-publish","format-standard","has-post-thumbnail","hentry","category-actualites"],"_links":{"self":[{"href":"https:\/\/ladepeche.mr\/index.php?rest_route=\/wp\/v2\/posts\/18980","targetHints":{"allow":["GET"]}}],"collection":[{"href":"https:\/\/ladepeche.mr\/index.php?rest_route=\/wp\/v2\/posts"}],"about":[{"href":"https:\/\/ladepeche.mr\/index.php?rest_route=\/wp\/v2\/types\/post"}],"author":[{"embeddable":true,"href":"https:\/\/ladepeche.mr\/index.php?rest_route=\/wp\/v2\/users\/2"}],"replies":[{"embeddable":true,"href":"https:\/\/ladepeche.mr\/index.php?rest_route=%2Fwp%2Fv2%2Fcomments&post=18980"}],"version-history":[{"count":3,"href":"https:\/\/ladepeche.mr\/index.php?rest_route=\/wp\/v2\/posts\/18980\/revisions"}],"predecessor-version":[{"id":18985,"href":"https:\/\/ladepeche.mr\/index.php?rest_route=\/wp\/v2\/posts\/18980\/revisions\/18985"}],"wp:featuredmedia":[{"embeddable":true,"href":"https:\/\/ladepeche.mr\/index.php?rest_route=\/wp\/v2\/media\/18984"}],"wp:attachment":[{"href":"https:\/\/ladepeche.mr\/index.php?rest_route=%2Fwp%2Fv2%2Fmedia&parent=18980"}],"wp:term":[{"taxonomy":"category","embeddable":true,"href":"https:\/\/ladepeche.mr\/index.php?rest_route=%2Fwp%2Fv2%2Fcategories&post=18980"},{"taxonomy":"post_tag","embeddable":true,"href":"https:\/\/ladepeche.mr\/index.php?rest_route=%2Fwp%2Fv2%2Ftags&post=18980"}],"curies":[{"name":"wp","href":"https:\/\/api.w.org\/{rel}","templated":true}]}}