{"id":18986,"date":"2025-11-03T14:00:45","date_gmt":"2025-11-03T14:00:45","guid":{"rendered":"https:\/\/ladepeche.mr\/?p=18986"},"modified":"2025-11-03T13:50:28","modified_gmt":"2025-11-03T13:50:28","slug":"presidentielle-en-guinee-dernier-jour-de-depot-des-candidatures","status":"publish","type":"post","link":"https:\/\/ladepeche.mr\/?p=18986","title":{"rendered":"Pr\u00e9sidentielle en Guin\u00e9e : dernier jour de d\u00e9p\u00f4t des candidatures"},"content":{"rendered":"<p>Ce lundi 3 novembre marque le dernier jour pour d\u00e9poser les dossiers de candidatures \u00e0 l&#8217;\u00e9lction pr\u00e9sidentielle guin\u00e9enne du 28 d\u00e9cembre.<\/p>\n<p>Ce lundi 3 novembre 2025 marque le dernier jour pour les candidats \u00e0 l\u2019\u00e9lection pr\u00e9sidentielle en Guin\u00e9e pour d\u00e9poser leur dossier de candidatures \u00e0 la cour supr\u00eame.<\/p>\n<p>Le scrutin pr\u00e9sidentiel, le premier depuis le coup d\u2019\u00e9tat de 2021, sera organis\u00e9 le 28 d\u00e9cembre prochain.<\/p>\n<p>La date largement soutenue par les Guin\u00e9ens a \u00e9t\u00e9 fix\u00e9e par un d\u00e9cret pr\u00e9sidentiel \u00e0 la suite du r\u00e9f\u00e9rendum constitutionnel du 1 septembre.<br \/>\nLa nouvelle constitution prolonge notamment le mandat pr\u00e9sidentiel de cinq \u00e0 sept ans et autorise une r\u00e9\u00e9lection.<\/p>\n<p>Le nouveau texte \u00e9tablit \u00e9galement un s\u00e9nat dont un tiers des membres sont nomm\u00e9s par le pr\u00e9sident. AINSI qu\u2019un tribunal sp\u00e9cial pour juger les hauts fonctionnaires.<br \/>\nLe nouveau texte constitutionnel accorde l\u2019immunit\u00e9 aux anciens pr\u00e9sidents et autorise pour la premi\u00e8re fois les candidats ind\u00e9pendants \u00e0 se pr\u00e9senter.<\/p>\n<p>Ces dispositions ont aliment\u00e9 les sp\u00e9culations sur les ambitions politiques du pr\u00e9sident de transition Mamadi Doumbouya.<\/p>\n<p>Cette \u00e9lection marque une \u00e9tape cl\u00e9 dans le retour \u00e0 l\u2019ordre civil de la Guin\u00e9e.<br \/>\nhttps:\/\/www.msn.com\/fr-xl\/actualite\/other\/pr%C3%A9sidentielle-en-guin%C3%A9e-dernier-jour-de-d%C3%A9p%C3%B4t-des-candidatures\/ar-AA1PIuXW?ocid=msedgntp&#038;pc=U531&#038;cvid=6908ac3386b74c58acbabf2f5245d4f4&#038;ei=45<\/p>\n","protected":false},"excerpt":{"rendered":"<p>Ce lundi 3 novembre marque le dernier jour pour d\u00e9poser les dossiers de candidatures \u00e0 l&#8217;\u00e9lction pr\u00e9sidentielle guin\u00e9enne du 28 d\u00e9cembre. Ce lundi 3 novembre 2025 marque le dernier jour pour les candidats \u00e0 l\u2019\u00e9lection pr\u00e9sidentielle en Guin\u00e9e pour d\u00e9poser leur dossier de candidatures \u00e0 la cour supr\u00eame. Le scrutin pr\u00e9sidentiel, le premier depuis le &hellip;<\/p>\n","protected":false},"author":2,"featured_media":18987,"comment_status":"open","ping_status":"open","sticky":false,"template":"","format":"standard","meta":{"footnotes":""},"categories":[18,29],"tags":[],"class_list":["post-18986","post","type-post","status-publish","format-standard","has-post-thumbnail","hentry","category-actualites","category-monde"],"_links":{"self":[{"href":"https:\/\/ladepeche.mr\/index.php?rest_route=\/wp\/v2\/posts\/18986","targetHints":{"allow":["GET"]}}],"collection":[{"href":"https:\/\/ladepeche.mr\/index.php?rest_route=\/wp\/v2\/posts"}],"about":[{"href":"https:\/\/ladepeche.mr\/index.php?rest_route=\/wp\/v2\/types\/post"}],"author":[{"embeddable":true,"href":"https:\/\/ladepeche.mr\/index.php?rest_route=\/wp\/v2\/users\/2"}],"replies":[{"embeddable":true,"href":"https:\/\/ladepeche.mr\/index.php?rest_route=%2Fwp%2Fv2%2Fcomments&post=18986"}],"version-history":[{"count":1,"href":"https:\/\/ladepeche.mr\/index.php?rest_route=\/wp\/v2\/posts\/18986\/revisions"}],"predecessor-version":[{"id":18988,"href":"https:\/\/ladepeche.mr\/index.php?rest_route=\/wp\/v2\/posts\/18986\/revisions\/18988"}],"wp:featuredmedia":[{"embeddable":true,"href":"https:\/\/ladepeche.mr\/index.php?rest_route=\/wp\/v2\/media\/18987"}],"wp:attachment":[{"href":"https:\/\/ladepeche.mr\/index.php?rest_route=%2Fwp%2Fv2%2Fmedia&parent=18986"}],"wp:term":[{"taxonomy":"category","embeddable":true,"href":"https:\/\/ladepeche.mr\/index.php?rest_route=%2Fwp%2Fv2%2Fcategories&post=18986"},{"taxonomy":"post_tag","embeddable":true,"href":"https:\/\/ladepeche.mr\/index.php?rest_route=%2Fwp%2Fv2%2Ftags&post=18986"}],"curies":[{"name":"wp","href":"https:\/\/api.w.org\/{rel}","templated":true}]}}