{"id":1899,"date":"2022-09-13T20:28:49","date_gmt":"2022-09-13T20:28:49","guid":{"rendered":"https:\/\/ladepeche.mr\/?p=1899"},"modified":"2022-09-13T20:28:49","modified_gmt":"2022-09-13T20:28:49","slug":"gouvernement-communique-du-conseil-des-ministres-du-mardi-13-septembre-2022","status":"publish","type":"post","link":"https:\/\/ladepeche.mr\/?p=1899","title":{"rendered":"Gouvernement: communiqu\u00e9 du Conseil des Ministres du mardi 13 septembre 2022"},"content":{"rendered":"<p>Le Conseil des Ministres s\u2019est r\u00e9uni le mardi 13 septembre 2022 sous la pr\u00e9sidence de Son Excellence Monsieur le Pr\u00e9sident de la R\u00e9publique Mohamed Ould Cheikh El Ghazouani.<\/p>\n<p>Le Conseil a examin\u00e9 et approuv\u00e9 le deux projets de lois suivants :<\/p>\n<p>-Projet de loi autorisant la ratification de l\u2019accord de financement sign\u00e9 le 09 Ao\u00fbt 2022 entre la RIM et l\u2019Association Internationale de D\u00e9veloppement (IDA), destin\u00e9 \u00e0 un appui budg\u00e9taire pour le financement de la politique de d\u00e9veloppement des r\u00e9formes du secteur priv\u00e9, du num\u00e9rique et du capital humain.<\/p>\n<p>Ce financement, sous forme d\u2019appui budg\u00e9taire pour encourager les r\u00e9formes du secteur priv\u00e9, du num\u00e9rique et du capital humain, va permettre de poursuivre les r\u00e9formes entreprises par le gouvernement en vue de moderniser l\u2019infrastructure num\u00e9rique du pays, am\u00e9liorer la gouvernance du syst\u00e8me \u00e9ducatif, et mieux prendre en compte les effets des chocs climatiques sur les m\u00e9nages vuln\u00e9rables.<\/p>\n<p>-Projet de loi autorisant la ratification du Contrat Programme n\u00b0 05\/MHA\/SNFP entre l\u2019Etat Mauritanien et la Soci\u00e9t\u00e9 Nationale des Forages et Puits (SNFP) pour la p\u00e9riode 2022-2025.<\/p>\n<p>Le renouvellement du contrat programme avec la SNFP sur la p\u00e9riode 2022-2025, demeure une n\u00e9cessit\u00e9 pour le secteur de l\u2019eau et de l\u2019assainissement afin de garantir l\u2019ex\u00e9cution des programmes d\u2019actions, d\u2019am\u00e9liorer la capacit\u00e9 nationale en mati\u00e8re d\u2019ex\u00e9cution des forages, notamment dans les zones r\u00e9put\u00e9es difficiles, en plus de la r\u00e9gularisation des prix du march\u00e9.<\/p>\n<p>Le Conseil a \u00e9galement examin\u00e9 et adopt\u00e9 un projet de d\u00e9cret portant approbation du plan de lotissement de la Ville de Timbedra (Commune de Timbedra, Moughataa de Timbedra, Wilaya du Hodh Echarghi).<\/p>\n<p>Ce plan prend en compte les crit\u00e8res indispensables pour un cadre de vie ad\u00e9quat garantissait la s\u00e9curit\u00e9 et la qui\u00e9tude pour l\u2019ensemble des populations.<\/p>\n<p>Le lotissement couvre une superficie globale de 3700 hectares et comprend ;<\/p>\n<p>\u2022 Une superficie habitable, estim\u00e9e \u00e0 1763 hectares<\/p>\n<p>\u2022 5000 parcelles \u00e0 usage d\u2019habitation d\u2019une superficie qui varie entre 400 et 600m\u00b2<\/p>\n<p>\u2022 2747 blocs restructur\u00e9s<\/p>\n<p>\u2022 Des parcelles r\u00e9serv\u00e9es \u00e0 des \u00e9quipements publics qui couvrent une superficie de 250 hectares<\/p>\n<p>\u2022 Une voirie couvrant une superficie 685 hectares<\/p>\n<p>Le Ministre des Affaires Etrang\u00e8res, de la Coop\u00e9ration et des Mauritaniens de l\u2019Ext\u00e9rieur a pr\u00e9sent\u00e9 une communication relative \u00e0 la situation internationale.<\/p>\n<p>Le Ministre de l\u2019Int\u00e9rieur et de la D\u00e9centralisation a pr\u00e9sent\u00e9 une communication relative \u00e0 la situation int\u00e9rieure.<\/p>\n<p>Le Ministre des Affaires Economiques et de la Promotion des Secteurs Productifs a pr\u00e9sent\u00e9 une communication relative \u00e0 l\u2019ex\u00e9cution des projets au mois d\u2019ao\u00fbt 2022.<\/p>\n<p>Cette communication vise \u00e0 suivre de pr\u00e8s la mise en \u0153uvre des projets et \u00e0 acc\u00e9l\u00e9rer leurs interventions apr\u00e8s avoir diagnostiqu\u00e9 les causes des \u00e9ventuels retards, en d\u00e9finissant les responsabilit\u00e9s et en apportant les solutions appropri\u00e9es.<\/p>\n<p>Le Ministre de la Sant\u00e9 a pr\u00e9sent\u00e9 une communication introductive \u00e0 la politique pharmaceutique nationale (PPN) 2022-2026.<\/p>\n<p>La PPN 2022-2026 est bas\u00e9e sur deux fondements que sont la pr\u00e9servation des acquis, leur p\u00e9rennisation et la correction des dysfonctionnements. Elle vise \u00e0 cr\u00e9er et fournir des m\u00e9canismes juridiques et institutionnels garantissant la fourniture de m\u00e9dicaments de qualit\u00e9, \u00e0 des prix d\u00e9cents, au b\u00e9n\u00e9fice de l\u2019ensemble de la population et sur l\u2019ensemble du territoire national.<\/p>\n<p>La Ministre de l\u2019Environnement et du D\u00e9veloppement Durable a pr\u00e9sent\u00e9 une communication relative \u00e0 la campagne nationale de protection des p\u00e2turages contre les feux de brousse (2022-2023).<\/p>\n<p>Cette communication propose un plan d\u2019action qui vise \u00e0 am\u00e9liorer l\u2019efficacit\u00e9 de la campagne nationale de lutte contre les feux de brousse, et \u00e0 mettre l\u2019accent sur la sensibilisation des populations, la r\u00e9alisation de pares- feux de qualit\u00e9, et la mise en place de brigades d\u2019intervention mobile pour l\u2019extinction des feux, en impliquant la D\u00e9l\u00e9gation G\u00e9n\u00e9rale \u00e0 la Protection Civile et la Gestion des Crises.<\/p>\n<p><u>Enfin, le Conseil a pris les mesures individuelles suivantes :<\/u><\/p>\n<p>Secr\u00e9tariat G\u00e9n\u00e9ral de la Pr\u00e9sidence de la R\u00e9publique<\/p>\n<p>Haut Conseil de l\u2019Education<\/p>\n<p>Secr\u00e9taire Ex\u00e9cutif : Mahfoudh Ould Aguatt<\/p>\n<p>Minist\u00e8re des Affaires Etrang\u00e8res, de la Coop\u00e9ration et des Mauritaniens de l\u2019Ext\u00e9rieur<\/p>\n<p>Etablissements Publics<\/p>\n<p>Acad\u00e9mie Diplomatique de Mauritanie<\/p>\n<p>Directeur G\u00e9n\u00e9ral : Abdel Kader Mohamed Ahmedou, pr\u00e9c\u00e9demment Ambassadeur Conseiller au Cabinet et Actuel Pr\u00e9sident du Comit\u00e9 d\u2019Orientation<\/p>\n<p>Directeur G\u00e9n\u00e9ral Adjoint : Alpha THIAM, Diplomate ; Cadre pr\u00e9c\u00e9demment en charge de l\u2019Am\u00e9rique du Sud et des Cara\u00efbes<\/p>\n<p>Minist\u00e8re du P\u00e9trole, des Mines et de l\u2019Energie<\/p>\n<p>Cabinet du Ministre<\/p>\n<p>Charg\u00e9 de mission : Cheikhna Ould El Yass<\/p>\n","protected":false},"excerpt":{"rendered":"<p>Le Conseil des Ministres s\u2019est r\u00e9uni le mardi 13 septembre 2022 sous la pr\u00e9sidence de Son Excellence Monsieur le Pr\u00e9sident de la R\u00e9publique Mohamed Ould Cheikh El Ghazouani. Le Conseil a examin\u00e9 et approuv\u00e9 le deux projets de lois suivants : -Projet de loi autorisant la ratification de l\u2019accord de financement sign\u00e9 le 09 Ao\u00fbt &hellip;<\/p>\n","protected":false},"author":2,"featured_media":1900,"comment_status":"open","ping_status":"open","sticky":false,"template":"","format":"standard","meta":{"footnotes":""},"categories":[18],"tags":[],"class_list":["post-1899","post","type-post","status-publish","format-standard","has-post-thumbnail","hentry","category-actualites"],"_links":{"self":[{"href":"https:\/\/ladepeche.mr\/index.php?rest_route=\/wp\/v2\/posts\/1899","targetHints":{"allow":["GET"]}}],"collection":[{"href":"https:\/\/ladepeche.mr\/index.php?rest_route=\/wp\/v2\/posts"}],"about":[{"href":"https:\/\/ladepeche.mr\/index.php?rest_route=\/wp\/v2\/types\/post"}],"author":[{"embeddable":true,"href":"https:\/\/ladepeche.mr\/index.php?rest_route=\/wp\/v2\/users\/2"}],"replies":[{"embeddable":true,"href":"https:\/\/ladepeche.mr\/index.php?rest_route=%2Fwp%2Fv2%2Fcomments&post=1899"}],"version-history":[{"count":1,"href":"https:\/\/ladepeche.mr\/index.php?rest_route=\/wp\/v2\/posts\/1899\/revisions"}],"predecessor-version":[{"id":1901,"href":"https:\/\/ladepeche.mr\/index.php?rest_route=\/wp\/v2\/posts\/1899\/revisions\/1901"}],"wp:featuredmedia":[{"embeddable":true,"href":"https:\/\/ladepeche.mr\/index.php?rest_route=\/wp\/v2\/media\/1900"}],"wp:attachment":[{"href":"https:\/\/ladepeche.mr\/index.php?rest_route=%2Fwp%2Fv2%2Fmedia&parent=1899"}],"wp:term":[{"taxonomy":"category","embeddable":true,"href":"https:\/\/ladepeche.mr\/index.php?rest_route=%2Fwp%2Fv2%2Fcategories&post=1899"},{"taxonomy":"post_tag","embeddable":true,"href":"https:\/\/ladepeche.mr\/index.php?rest_route=%2Fwp%2Fv2%2Ftags&post=1899"}],"curies":[{"name":"wp","href":"https:\/\/api.w.org\/{rel}","templated":true}]}}