{"id":18996,"date":"2025-11-03T16:00:35","date_gmt":"2025-11-03T16:00:35","guid":{"rendered":"https:\/\/ladepeche.mr\/?p=18996"},"modified":"2025-11-03T15:55:58","modified_gmt":"2025-11-03T15:55:58","slug":"le-maed-salue-le-role-central-joue-par-la-bad-dans-lappui-au-processus-de-developpement-national","status":"publish","type":"post","link":"https:\/\/ladepeche.mr\/?p=18996","title":{"rendered":"Le MAED salue le r\u00f4le central jou\u00e9 par la BAD dans l\u2019appui au processus de d\u00e9veloppement national"},"content":{"rendered":"<p>Le ministre des Affaires \u00e9conomiques et du D\u00e9veloppement, Dr Abdallahi Ould Souleimane Ould Cheikh Sidiya, a ouvert lundi matin, au si\u00e8ge de son d\u00e9partement \u00e0 Nouakchott, une session de travail \u00e9largie avec une d\u00e9l\u00e9gation de haut niveau du Groupe de la Banque africaine de d\u00e9veloppement (BAD) actuellement en visite en Mauritanie.<\/p>\n<p>La d\u00e9l\u00e9gation comprend plusieurs conseillers principaux et administratifs de la Banque, ainsi que Mme Blomberg, directrice r\u00e9gionale adjointe.<\/p>\n<p>Dans son allocution d\u2019ouverture, le ministre a pass\u00e9 en revue les domaines de coop\u00e9ration entre la Mauritanie et la BAD, saluant le r\u00f4le central jou\u00e9 par l\u2019institution dans l\u2019appui au processus de d\u00e9veloppement national. Il a \u00e9galement soulign\u00e9 l\u2019ampleur et la diversit\u00e9 du portefeuille de projets financ\u00e9s par la Banque, ainsi que l\u2019importance de ses contributions financi\u00e8res aux priorit\u00e9s du pays.<\/p>\n<p>Pour sa part, Mme Blomberg a mis en avant le caract\u00e8re strat\u00e9gique de ce partenariat et les retomb\u00e9es mutuellement b\u00e9n\u00e9fiques qu\u2019il peut g\u00e9n\u00e9rer.<\/p>\n<p>La BAD figure parmi les principaux partenaires au d\u00e9veloppement de la Mauritanie, avec une coop\u00e9ration s\u2019\u00e9tendant sur plusieurs d\u00e9cennies. Son portefeuille actuel couvre divers secteurs, notamment l\u2019\u00e9nergie, les transports, l\u2019eau et l\u2019assainissement, pour un volume global de centaines de millions de dollars.<\/p>\n<p>La s\u00e9ance technique, dirig\u00e9e par le secr\u00e9taire g\u00e9n\u00e9ral du minist\u00e8re, Yacoub Ould Ahmed A\u00efcha, s\u2019est tenue en pr\u00e9sence de hauts responsables mauritaniens, dont Mohamed Salem Ould Ennani, directeur g\u00e9n\u00e9ral des financements et de la coop\u00e9ration \u00e9conomique, Sy Mamadou, directeur des financements, et Abderrahim Ould Zein, directeur de la supervision des projets.<\/p>\n<p>La visite de la d\u00e9l\u00e9gation, pr\u00e9vue sur cinq jours, vise \u00e0 \u00e9valuer l\u2019\u00e9tat d\u2019avancement des projets financ\u00e9s par la BAD en Mauritanie et \u00e0 examiner les perspectives d\u2019\u00e9largissement de la coop\u00e9ration en fonction des priorit\u00e9s nationales de d\u00e9veloppement.<br \/>\n(avec note Maed)<\/p>\n","protected":false},"excerpt":{"rendered":"<p>Le ministre des Affaires \u00e9conomiques et du D\u00e9veloppement, Dr Abdallahi Ould Souleimane Ould Cheikh Sidiya, a ouvert lundi matin, au si\u00e8ge de son d\u00e9partement \u00e0 Nouakchott, une session de travail \u00e9largie avec une d\u00e9l\u00e9gation de haut niveau du Groupe de la Banque africaine de d\u00e9veloppement (BAD) actuellement en visite en Mauritanie. La d\u00e9l\u00e9gation comprend plusieurs &hellip;<\/p>\n","protected":false},"author":2,"featured_media":18997,"comment_status":"open","ping_status":"open","sticky":false,"template":"","format":"standard","meta":{"footnotes":""},"categories":[18,2],"tags":[],"class_list":["post-18996","post","type-post","status-publish","format-standard","has-post-thumbnail","hentry","category-actualites","category-economie"],"_links":{"self":[{"href":"https:\/\/ladepeche.mr\/index.php?rest_route=\/wp\/v2\/posts\/18996","targetHints":{"allow":["GET"]}}],"collection":[{"href":"https:\/\/ladepeche.mr\/index.php?rest_route=\/wp\/v2\/posts"}],"about":[{"href":"https:\/\/ladepeche.mr\/index.php?rest_route=\/wp\/v2\/types\/post"}],"author":[{"embeddable":true,"href":"https:\/\/ladepeche.mr\/index.php?rest_route=\/wp\/v2\/users\/2"}],"replies":[{"embeddable":true,"href":"https:\/\/ladepeche.mr\/index.php?rest_route=%2Fwp%2Fv2%2Fcomments&post=18996"}],"version-history":[{"count":3,"href":"https:\/\/ladepeche.mr\/index.php?rest_route=\/wp\/v2\/posts\/18996\/revisions"}],"predecessor-version":[{"id":19000,"href":"https:\/\/ladepeche.mr\/index.php?rest_route=\/wp\/v2\/posts\/18996\/revisions\/19000"}],"wp:featuredmedia":[{"embeddable":true,"href":"https:\/\/ladepeche.mr\/index.php?rest_route=\/wp\/v2\/media\/18997"}],"wp:attachment":[{"href":"https:\/\/ladepeche.mr\/index.php?rest_route=%2Fwp%2Fv2%2Fmedia&parent=18996"}],"wp:term":[{"taxonomy":"category","embeddable":true,"href":"https:\/\/ladepeche.mr\/index.php?rest_route=%2Fwp%2Fv2%2Fcategories&post=18996"},{"taxonomy":"post_tag","embeddable":true,"href":"https:\/\/ladepeche.mr\/index.php?rest_route=%2Fwp%2Fv2%2Ftags&post=18996"}],"curies":[{"name":"wp","href":"https:\/\/api.w.org\/{rel}","templated":true}]}}