{"id":19004,"date":"2025-11-03T17:00:28","date_gmt":"2025-11-03T17:00:28","guid":{"rendered":"https:\/\/ladepeche.mr\/?p=19004"},"modified":"2025-11-03T17:01:22","modified_gmt":"2025-11-03T17:01:22","slug":"mauritanie-une-croissance-economique-de-51-en-2026","status":"publish","type":"post","link":"https:\/\/ladepeche.mr\/?p=19004","title":{"rendered":"Mauritanie : une croissance \u00e9conomique de 5,1% en 2026"},"content":{"rendered":"<p>5,1 %. C\u2019est notre chiffre du jour. Et il s\u2019agit du taux de croissance du PIB attendu en Mauritanie pour l\u2019ann\u00e9e 2026. C\u2019est en tout cas ce qu\u2019esp\u00e8re son ministre des Affaires \u00e9conomiques et du D\u00e9veloppement, Abdallahi Ould Souleymane Ould Cheikh Sidiya. Il s\u2019exprimait de la sorte dans la soir\u00e9e de jeudi 30 octobre; et ce, \u00e0 l\u2019issue du conseil des ministres du pays.<br \/>\nA cet \u00e9gard, notons que pour cette ann\u00e9e 2025, le taux de croissance du PIB de la Mauritanie devrait s\u2019\u00e9lever \u00e0 4,1 % en 2025. Et ce, gr\u00e2ce \u00e0 l\u2019augmentation pr\u00e9vue de la production de gaz et au renforcement des investissements publics dans cette r\u00e9gion. C\u2019est ce que rapporte le site Sahara Medias.<\/p>\n<p>Quant au taux d\u2019inflation mauritanien, explique encore le ministre, il devrait baisser \u00e0 2 % d\u2019ici la fin de l\u2019ann\u00e9e. Ce qui refl\u00e8te donc une am\u00e9lioration des indicateurs \u00e9conomiques g\u00e9n\u00e9raux et une stabilisation des prix du pays.<\/p>\n<p>M. Ould Cheikh Sidiya a ajout\u00e9 que \u00ab [\u2026] le gouvernement s\u2019efforce de consolider les bases d\u2019une croissance durable fond\u00e9e sur la mobilisation des ressources internes et l\u2019orientation des d\u00e9penses vers des projets productifs et des infrastructures favorables au d\u00e9veloppement. Et ce, afin de garantir la viabilit\u00e9 des finances publiques et l\u2019am\u00e9lioration du niveau de vie des citoyens \u00bb.<\/p>\n<blockquote class=\"wp-embedded-content\" data-secret=\"1bNgU0AZOg\"><p><a href=\"https:\/\/www.leconomistemaghrebin.com\/2025\/11\/03\/mauritanie-une-croissance-economique-de-51-en-2026\/\">Mauritanie : une croissance \u00e9conomique de 5,1% en 2026<\/a><\/p><\/blockquote>\n<p><iframe loading=\"lazy\" class=\"wp-embedded-content\" sandbox=\"allow-scripts\" security=\"restricted\" style=\"position: absolute; visibility: hidden;\" title=\"\u00ab\u00a0Mauritanie : une croissance \u00e9conomique de 5,1% en 2026\u00a0\u00bb &#8212; Leconomiste Maghrebin\" src=\"https:\/\/www.leconomistemaghrebin.com\/2025\/11\/03\/mauritanie-une-croissance-economique-de-51-en-2026\/embed\/#?secret=dnGCvgY22n#?secret=1bNgU0AZOg\" data-secret=\"1bNgU0AZOg\" width=\"500\" height=\"282\" frameborder=\"0\" marginwidth=\"0\" marginheight=\"0\" scrolling=\"no\"><\/iframe><\/p>\n","protected":false},"excerpt":{"rendered":"<p>5,1 %. C\u2019est notre chiffre du jour. Et il s\u2019agit du taux de croissance du PIB attendu en Mauritanie pour l\u2019ann\u00e9e 2026. C\u2019est en tout cas ce qu\u2019esp\u00e8re son ministre des Affaires \u00e9conomiques et du D\u00e9veloppement, Abdallahi Ould Souleymane Ould Cheikh Sidiya. Il s\u2019exprimait de la sorte dans la soir\u00e9e de jeudi 30 octobre; et &hellip;<\/p>\n","protected":false},"author":2,"featured_media":18450,"comment_status":"open","ping_status":"open","sticky":false,"template":"","format":"standard","meta":{"footnotes":""},"categories":[1],"tags":[],"class_list":["post-19004","post","type-post","status-publish","format-standard","has-post-thumbnail","hentry","category-uncategorized"],"_links":{"self":[{"href":"https:\/\/ladepeche.mr\/index.php?rest_route=\/wp\/v2\/posts\/19004","targetHints":{"allow":["GET"]}}],"collection":[{"href":"https:\/\/ladepeche.mr\/index.php?rest_route=\/wp\/v2\/posts"}],"about":[{"href":"https:\/\/ladepeche.mr\/index.php?rest_route=\/wp\/v2\/types\/post"}],"author":[{"embeddable":true,"href":"https:\/\/ladepeche.mr\/index.php?rest_route=\/wp\/v2\/users\/2"}],"replies":[{"embeddable":true,"href":"https:\/\/ladepeche.mr\/index.php?rest_route=%2Fwp%2Fv2%2Fcomments&post=19004"}],"version-history":[{"count":1,"href":"https:\/\/ladepeche.mr\/index.php?rest_route=\/wp\/v2\/posts\/19004\/revisions"}],"predecessor-version":[{"id":19005,"href":"https:\/\/ladepeche.mr\/index.php?rest_route=\/wp\/v2\/posts\/19004\/revisions\/19005"}],"wp:featuredmedia":[{"embeddable":true,"href":"https:\/\/ladepeche.mr\/index.php?rest_route=\/wp\/v2\/media\/18450"}],"wp:attachment":[{"href":"https:\/\/ladepeche.mr\/index.php?rest_route=%2Fwp%2Fv2%2Fmedia&parent=19004"}],"wp:term":[{"taxonomy":"category","embeddable":true,"href":"https:\/\/ladepeche.mr\/index.php?rest_route=%2Fwp%2Fv2%2Fcategories&post=19004"},{"taxonomy":"post_tag","embeddable":true,"href":"https:\/\/ladepeche.mr\/index.php?rest_route=%2Fwp%2Fv2%2Ftags&post=19004"}],"curies":[{"name":"wp","href":"https:\/\/api.w.org\/{rel}","templated":true}]}}