{"id":19006,"date":"2025-11-03T17:00:28","date_gmt":"2025-11-03T17:00:28","guid":{"rendered":"https:\/\/ladepeche.mr\/?p=19006"},"modified":"2025-11-03T17:34:42","modified_gmt":"2025-11-03T17:34:42","slug":"indice-des-droits-de-lhomme-2025","status":"publish","type":"post","link":"https:\/\/ladepeche.mr\/?p=19006","title":{"rendered":"Indice des droits de l\u2019homme 2025 : La Mauritanie accuse un recul!"},"content":{"rendered":"<p>34\u00e8me \u00e0 l\u2019\u00e9chelle du continent africain, la Mauritanie se situe \u00e0 133\u00e8me place mondiale dans le dernier rapport bas\u00e9 sur l\u2019indice mondial des droits de l&#8217;Homme, publi\u00e9 le mardi 28 octobre par le World Justice Project (WJP). Elle recule de deux places par rapport au classement mondial 2022.<br \/>\nLe \u00ab Rule of Law Index 2025 \u00bb d\u00e9finit l&#8217;\u00c9tat de droit comme un syst\u00e8me bas\u00e9 sur \u00ab la responsabilit\u00e9, des lois justes, un gouvernement ouvert et une justice accessible et impartiale \u00bb.<br \/>\n44 indicateurs servent de base \u00e0 l\u2019indice comme \u00ab les contraintes impos\u00e9es aux pouvoirs du gouvernement ; l&#8217;absence de corruption ; le gouvernement ouvert ; les droits fondamentaux ; l&#8217;ordre et la s\u00e9curit\u00e9 ; l&#8217;application de la r\u00e9glementation ; la justice civile ; et la justice p\u00e9nale \u00bb.<br \/>\nLe dernier rapport intervient alors que l&#8217;\u00c9tat de droit semble reculer sur le continent en 2025 et m\u00eame au-del\u00e0.<br \/>\nLe Rwanda 39\u00e8me rang mondial est le pays africain o\u00f9 le respect de l\u2019\u00c9tat de droit est le plus \u00e9lev\u00e9 sur le continent gr\u00e2ce \u00e0 ses performances dans les facteurs \u00ab Ordre et s\u00e9curit\u00e9 \u00bb.<\/p>\n<p><strong>Classement des pays africains selon le respect de l\u2019Etat de droit en 2025 :<\/strong><br \/>\n1-Rwanda (39e rang mondial)<br \/>\n2-Namibie (45e)<br \/>\n3-Maurice (47e)<br \/>\n4-Botswana (50e)<br \/>\n5-S\u00e9n\u00e9gal (58e)<br \/>\n6-Afrique du Sud (60e)<br \/>\n7-Ghana (63e)<br \/>\n8-Malawi (71e)<br \/>\n9- Tunisie (85e)<br \/>\n10-Alg\u00e9rie (88e)<br \/>\n11-Gambie (89e)<br \/>\n12-Maroc (91e)<br \/>\n13-B\u00e9nin (94e)<br \/>\n14-Tanzanie (98e)<br \/>\n15-Burkina Faso (101e)<br \/>\n16-Kenya (102e)<br \/>\n17-Zambie (103e)<br \/>\n18-C\u00f4te d\u2019Ivoire (106e)<br \/>\n19-Liberia (108e)<br \/>\n20-Sierra Leone (109e)<br \/>\n21-Togo (111e)<br \/>\n22-Madagascar (112e)<br \/>\n23-Angola (113e)<br \/>\n24-Niger (115e)<br \/>\n25-Guin\u00e9e (117e)<br \/>\n26-Nigeria (120e)<br \/>\n27-Gabon (122e)<br \/>\n28-R\u00e9publique du Congo (123e)<br \/>\n29-Zimbabwe (124e)<br \/>\n30-Mali (126e)<br \/>\n31-Ouganda (127e)<br \/>\n32-Mozambique (129e)<br \/>\n33-Ethiopie (132e)<br \/>\n34-Mauritanie (133e)<br \/>\n35-Cameroun (134e)<br \/>\n36-Egypte (135e)<br \/>\n37-RD Congo (136e)<br \/>\n38-Soudan (137e)<\/p>\n","protected":false},"excerpt":{"rendered":"<p>34\u00e8me \u00e0 l\u2019\u00e9chelle du continent africain, la Mauritanie se situe \u00e0 133\u00e8me place mondiale dans le dernier rapport bas\u00e9 sur l\u2019indice mondial des droits de l&#8217;Homme, publi\u00e9 le mardi 28 octobre par le World Justice Project (WJP). Elle recule de deux places par rapport au classement mondial 2022. Le \u00ab Rule of Law Index 2025 &hellip;<\/p>\n","protected":false},"author":2,"featured_media":19007,"comment_status":"open","ping_status":"open","sticky":false,"template":"","format":"standard","meta":{"footnotes":""},"categories":[18,2],"tags":[],"class_list":["post-19006","post","type-post","status-publish","format-standard","has-post-thumbnail","hentry","category-actualites","category-economie"],"_links":{"self":[{"href":"https:\/\/ladepeche.mr\/index.php?rest_route=\/wp\/v2\/posts\/19006","targetHints":{"allow":["GET"]}}],"collection":[{"href":"https:\/\/ladepeche.mr\/index.php?rest_route=\/wp\/v2\/posts"}],"about":[{"href":"https:\/\/ladepeche.mr\/index.php?rest_route=\/wp\/v2\/types\/post"}],"author":[{"embeddable":true,"href":"https:\/\/ladepeche.mr\/index.php?rest_route=\/wp\/v2\/users\/2"}],"replies":[{"embeddable":true,"href":"https:\/\/ladepeche.mr\/index.php?rest_route=%2Fwp%2Fv2%2Fcomments&post=19006"}],"version-history":[{"count":3,"href":"https:\/\/ladepeche.mr\/index.php?rest_route=\/wp\/v2\/posts\/19006\/revisions"}],"predecessor-version":[{"id":19016,"href":"https:\/\/ladepeche.mr\/index.php?rest_route=\/wp\/v2\/posts\/19006\/revisions\/19016"}],"wp:featuredmedia":[{"embeddable":true,"href":"https:\/\/ladepeche.mr\/index.php?rest_route=\/wp\/v2\/media\/19007"}],"wp:attachment":[{"href":"https:\/\/ladepeche.mr\/index.php?rest_route=%2Fwp%2Fv2%2Fmedia&parent=19006"}],"wp:term":[{"taxonomy":"category","embeddable":true,"href":"https:\/\/ladepeche.mr\/index.php?rest_route=%2Fwp%2Fv2%2Fcategories&post=19006"},{"taxonomy":"post_tag","embeddable":true,"href":"https:\/\/ladepeche.mr\/index.php?rest_route=%2Fwp%2Fv2%2Ftags&post=19006"}],"curies":[{"name":"wp","href":"https:\/\/api.w.org\/{rel}","templated":true}]}}