{"id":19010,"date":"2025-11-03T17:30:20","date_gmt":"2025-11-03T17:30:20","guid":{"rendered":"https:\/\/ladepeche.mr\/?p=19010"},"modified":"2025-11-03T17:08:22","modified_gmt":"2025-11-03T17:08:22","slug":"presidentielle-en-cote-divoire-lunion-africaine-felicite-alassane-ouattara-pour-sa-reelection","status":"publish","type":"post","link":"https:\/\/ladepeche.mr\/?p=19010","title":{"rendered":"Pr\u00e9sidentielle en C\u00f4te d&#8217;Ivoire : L\u2019Union africaine f\u00e9licite Alassane Ouattara pour sa r\u00e9\u00e9lection"},"content":{"rendered":"<p>Le Pr\u00e9sident de la Commission de l\u2019Union africaine (UA), Mahmoud Ali Youssouf, a adress\u00e9 ce 1er novembre 2025 depuis Addis-Abeba ses f\u00e9licitations au pr\u00e9sident Alassane Ouattara, r\u00e9\u00e9lu \u00e0 l\u2019issue de l\u2019\u00e9lection pr\u00e9sidentielle du 25 octobre 2025 en C\u00f4te d\u2019Ivoire. Le scrutin, qui a oppos\u00e9 cinq candidats, s\u2019est tenu sur l\u2019ensemble du territoire national. La Commission \u00e9lectorale ind\u00e9pendante (Cei) a annonc\u00e9 les r\u00e9sultats provisoires, confirmant la victoire du pr\u00e9sident sortant. Dans son communiqu\u00e9, l\u2019Union africaine \u00ab prend acte \u00bb de cette proclamation et salue la participation des \u00e9lecteurs ainsi que l\u2019organisation g\u00e9n\u00e9rale du processus \u00e9lectoral. Mahmoud Ali Youssouf a f\u00e9licit\u00e9 le peuple ivoirien pour son engagement d\u00e9mocratique et a encourag\u00e9 les acteurs politiques \u00e0 maintenir un climat de paix, de dialogue et de coh\u00e9sion nationale, indispensable \u00e0 la stabilit\u00e9 du pays. R\u00e9affirmant son soutien \u00e0 la C\u00f4te d\u2019Ivoire, l\u2019Ua a exprim\u00e9 sa volont\u00e9 d\u2019accompagner le pays dans la consolidation de ses institutions d\u00e9mocratiques, sa stabilit\u00e9 socio-politique et son d\u00e9veloppement durable. L\u2019organisation panafricaine a \u00e9galement salu\u00e9 la contribution constante d\u2019Abidjan aux efforts r\u00e9gionaux en mati\u00e8re de paix et de s\u00e9curit\u00e9. \u00ab L\u2019Union africaine continuera \u00e0 \u0153uvrer aux c\u00f4t\u00e9s des autorit\u00e9s ivoiriennes pour promouvoir une r\u00e9gion pacifique et prosp\u00e8re \u00bb, conclut le communiqu\u00e9.<\/p>\n<p>Provided by SyndiGate Media Inc. (Syndigate.info).<\/p>\n","protected":false},"excerpt":{"rendered":"<p>Le Pr\u00e9sident de la Commission de l\u2019Union africaine (UA), Mahmoud Ali Youssouf, a adress\u00e9 ce 1er novembre 2025 depuis Addis-Abeba ses f\u00e9licitations au pr\u00e9sident Alassane Ouattara, r\u00e9\u00e9lu \u00e0 l\u2019issue de l\u2019\u00e9lection pr\u00e9sidentielle du 25 octobre 2025 en C\u00f4te d\u2019Ivoire. Le scrutin, qui a oppos\u00e9 cinq candidats, s\u2019est tenu sur l\u2019ensemble du territoire national. La Commission &hellip;<\/p>\n","protected":false},"author":2,"featured_media":19011,"comment_status":"open","ping_status":"open","sticky":false,"template":"","format":"standard","meta":{"footnotes":""},"categories":[18,29],"tags":[],"class_list":["post-19010","post","type-post","status-publish","format-standard","has-post-thumbnail","hentry","category-actualites","category-monde"],"_links":{"self":[{"href":"https:\/\/ladepeche.mr\/index.php?rest_route=\/wp\/v2\/posts\/19010","targetHints":{"allow":["GET"]}}],"collection":[{"href":"https:\/\/ladepeche.mr\/index.php?rest_route=\/wp\/v2\/posts"}],"about":[{"href":"https:\/\/ladepeche.mr\/index.php?rest_route=\/wp\/v2\/types\/post"}],"author":[{"embeddable":true,"href":"https:\/\/ladepeche.mr\/index.php?rest_route=\/wp\/v2\/users\/2"}],"replies":[{"embeddable":true,"href":"https:\/\/ladepeche.mr\/index.php?rest_route=%2Fwp%2Fv2%2Fcomments&post=19010"}],"version-history":[{"count":1,"href":"https:\/\/ladepeche.mr\/index.php?rest_route=\/wp\/v2\/posts\/19010\/revisions"}],"predecessor-version":[{"id":19012,"href":"https:\/\/ladepeche.mr\/index.php?rest_route=\/wp\/v2\/posts\/19010\/revisions\/19012"}],"wp:featuredmedia":[{"embeddable":true,"href":"https:\/\/ladepeche.mr\/index.php?rest_route=\/wp\/v2\/media\/19011"}],"wp:attachment":[{"href":"https:\/\/ladepeche.mr\/index.php?rest_route=%2Fwp%2Fv2%2Fmedia&parent=19010"}],"wp:term":[{"taxonomy":"category","embeddable":true,"href":"https:\/\/ladepeche.mr\/index.php?rest_route=%2Fwp%2Fv2%2Fcategories&post=19010"},{"taxonomy":"post_tag","embeddable":true,"href":"https:\/\/ladepeche.mr\/index.php?rest_route=%2Fwp%2Fv2%2Ftags&post=19010"}],"curies":[{"name":"wp","href":"https:\/\/api.w.org\/{rel}","templated":true}]}}