{"id":19013,"date":"2025-11-03T18:00:13","date_gmt":"2025-11-03T18:00:13","guid":{"rendered":"https:\/\/ladepeche.mr\/?p=19013"},"modified":"2025-11-03T17:17:10","modified_gmt":"2025-11-03T17:17:10","slug":"israel-une-ex-procureure-arretee-pour-la-fuite-dune-video-de-sevices-sur-des-detenus-palestiniens","status":"publish","type":"post","link":"https:\/\/ladepeche.mr\/?p=19013","title":{"rendered":"Isra\u00ebl : une ex-procureure arr\u00eat\u00e9e pour la fuite d&#8217;une vid\u00e9o de s\u00e9vices sur des d\u00e9tenus palestiniens"},"content":{"rendered":"<p>L&#8217;ex-procureure g\u00e9n\u00e9rale de l&#8217;arm\u00e9e isra\u00e9lienne a \u00e9t\u00e9 arr\u00eat\u00e9e, dans la nuit de dimanche \u00e0 lundi, dans le cadre d&#8217;une enqu\u00eate concernant la fuite d&#8217;une vid\u00e9o en 2024, qui sugg\u00e8re de graves s\u00e9vices \u00e0 l&#8217;encontre d&#8217;un d\u00e9tenu palestinien dans une prison de haute s\u00e9curit\u00e9 pr\u00e8s de Gaza. Cinq soldats r\u00e9servistes ont \u00e9t\u00e9 inculp\u00e9s dans cette affaire.<br \/>\nLe ministre de la S\u00e9curit\u00e9 nationale isra\u00e9lienne, Itamar Ben Gvir, a fait \u00e9tat, lundi 3 novembre, sur Telegram, de l&#8217;arrestation de l&#8217;ex-procureure g\u00e9n\u00e9rale de l&#8217;arm\u00e9e, dans la nuit du dimanche 2 au lundi 3 octobre, en Isra\u00ebl. Plusieurs m\u00e9dias isra\u00e9liens ont ensuite indiqu\u00e9 qu&#8217;un tribunal de Tel-Aviv avait d\u00e9cid\u00e9 de prolonger la d\u00e9tention d&#8217;Yifat Tomer-Yeroushalmi jusqu&#8217;\u00e0 mercredi \u00e0 la mi-journ\u00e9e.<\/p>\n<p>Cette derni\u00e8re a \u00e9t\u00e9 arr\u00eat\u00e9e dans le cadre d&#8217;une enqu\u00eate concernant la fuite d&#8217;une vid\u00e9o sugg\u00e9rant de graves s\u00e9vices en 2024 contre un d\u00e9tenu palestinien dans une prison de haute s\u00e9curit\u00e9 pr\u00e8s de Gaza. Cinq r\u00e9servistes ont \u00e9t\u00e9 inculp\u00e9s dans cette affaire.<\/p>\n<p>Apr\u00e8s avoir annonc\u00e9 sa d\u00e9mission vendredi, Yifat Tomer-Yeroushalmi avait bri\u00e8vement disparu dimanche, d\u00e9clenchant des sp\u00e9culations m\u00e9diatiques sur une possible tentative de suicide. Dans sa lettre de d\u00e9mission publi\u00e9e vendredi par la presse, elle a reconnu que ses services avaient diffus\u00e9 la vid\u00e9o aux m\u00e9dias.<\/p>\n<p>Selon la radio-t\u00e9l\u00e9vision publique Kan, l&#8217;ex-procureure g\u00e9n\u00e9rale de l&#8217;arm\u00e9e isra\u00e9lienne devra r\u00e9pondre de &#8220;fraude, abus de confiance, abus de fonction, entrave \u00e0 la justice et divulgation d&#8217;informations par un fonctionnaire&#8221;. Un autre membre du parquet militaire a \u00e9galement \u00e9t\u00e9 mis en cause avec elle.<\/p>\n<p><strong>Des soldats qui ont &#8220;agi contre le d\u00e9tenu avec une grande violence&#8221;<\/strong><\/p>\n<p>Cette affaire, qui avait \u00e9clabouss\u00e9 l&#8217;arm\u00e9e en plein conflit dans la bande de Gaza, avait d\u00e9but\u00e9 en ao\u00fbt 2024 avec la diffusion par la cha\u00eene isra\u00e9lienne Channel 12 d&#8217;images film\u00e9es par une cam\u00e9ra de surveillance, ensuite reprises par de nombreux m\u00e9dias. Sans les montrer clairement, la vid\u00e9o sugg\u00e9rait de graves violences exerc\u00e9es par des soldats isra\u00e9liens sur un d\u00e9tenu palestinien.<\/p>\n<p>En f\u00e9vrier 2025, l&#8217;arm\u00e9e avait annonc\u00e9 l&#8217;inculpation de cinq soldats pour mauvais traitements d&#8217;un d\u00e9tenu palestinien en juillet 2024 dans le centre de d\u00e9tention de Sd\u00e9 Teiman, pr\u00e8s de la bande de Gaza, o\u00f9 sont incarc\u00e9r\u00e9s des Palestiniens arr\u00eat\u00e9s.<\/p>\n<p>&#8220;Le procureur militaire a inculp\u00e9 cinq soldats r\u00e9servistes pour avoir commis des agressions dans des circonstances aggravantes et caus\u00e9 des blessures \u00e0 un d\u00e9tenu&#8221;, avait indiqu\u00e9 l&#8217;arm\u00e9e dans un communiqu\u00e9.<\/p>\n<p>Selon l&#8217;acte d&#8217;accusation, les soldats ont &#8220;agi contre le d\u00e9tenu avec une grande violence&#8221;. Ces brutalit\u00e9s &#8220;ont caus\u00e9 de graves blessures physiques au d\u00e9tenu, notamment des c\u00f4tes fractur\u00e9es, un poumon perfor\u00e9 et une d\u00e9chirure rectale interne&#8221;.<\/p>\n<p>Traitement pouvant s&#8217;apparenter \u00e0 de la torture<br \/>\nLes faits se sont produits le 5 juillet 2024 lors d&#8217;une fouille du d\u00e9tenu conduit dans une zone adjacente \u00e0 la prison, les yeux band\u00e9s, menottes aux mains et aux chevilles, selon la m\u00eame source.<\/p>\n<p>L&#8217;acte d&#8217;accusation mentionne de nombreuses preuves recueillies au cours de l&#8217;enqu\u00eate, notamment des images extraites des cam\u00e9ras de surveillance et des documents m\u00e9dicaux.<\/p>\n<p>Le centre de d\u00e9tention de Sd\u00e9 Teiman a \u00e9t\u00e9 am\u00e9nag\u00e9 dans une base militaire pour y incarc\u00e9rer des Palestiniens arr\u00eat\u00e9s notamment \u00e0 Gaza depuis le 7-Octobre.<\/p>\n<p>En juillet 2024, le Haut-Commissaire de l&#8217;ONU aux droits de l&#8217;Homme, Volker T\u00fcrk, avait publi\u00e9 un rapport selon lequel, depuis l&#8217;attaque du 7-Octobre, de nombreux Palestiniens avaient \u00e9t\u00e9 emprisonn\u00e9s dans le secret avec dans certains cas un traitement pouvant s&#8217;apparenter \u00e0 de la torture.<\/p>\n<p>Avec AFP<\/p>\n","protected":false},"excerpt":{"rendered":"<p>L&#8217;ex-procureure g\u00e9n\u00e9rale de l&#8217;arm\u00e9e isra\u00e9lienne a \u00e9t\u00e9 arr\u00eat\u00e9e, dans la nuit de dimanche \u00e0 lundi, dans le cadre d&#8217;une enqu\u00eate concernant la fuite d&#8217;une vid\u00e9o en 2024, qui sugg\u00e8re de graves s\u00e9vices \u00e0 l&#8217;encontre d&#8217;un d\u00e9tenu palestinien dans une prison de haute s\u00e9curit\u00e9 pr\u00e8s de Gaza. Cinq soldats r\u00e9servistes ont \u00e9t\u00e9 inculp\u00e9s dans cette affaire. &hellip;<\/p>\n","protected":false},"author":2,"featured_media":19014,"comment_status":"open","ping_status":"open","sticky":false,"template":"","format":"standard","meta":{"footnotes":""},"categories":[18,29],"tags":[],"class_list":["post-19013","post","type-post","status-publish","format-standard","has-post-thumbnail","hentry","category-actualites","category-monde"],"_links":{"self":[{"href":"https:\/\/ladepeche.mr\/index.php?rest_route=\/wp\/v2\/posts\/19013","targetHints":{"allow":["GET"]}}],"collection":[{"href":"https:\/\/ladepeche.mr\/index.php?rest_route=\/wp\/v2\/posts"}],"about":[{"href":"https:\/\/ladepeche.mr\/index.php?rest_route=\/wp\/v2\/types\/post"}],"author":[{"embeddable":true,"href":"https:\/\/ladepeche.mr\/index.php?rest_route=\/wp\/v2\/users\/2"}],"replies":[{"embeddable":true,"href":"https:\/\/ladepeche.mr\/index.php?rest_route=%2Fwp%2Fv2%2Fcomments&post=19013"}],"version-history":[{"count":1,"href":"https:\/\/ladepeche.mr\/index.php?rest_route=\/wp\/v2\/posts\/19013\/revisions"}],"predecessor-version":[{"id":19015,"href":"https:\/\/ladepeche.mr\/index.php?rest_route=\/wp\/v2\/posts\/19013\/revisions\/19015"}],"wp:featuredmedia":[{"embeddable":true,"href":"https:\/\/ladepeche.mr\/index.php?rest_route=\/wp\/v2\/media\/19014"}],"wp:attachment":[{"href":"https:\/\/ladepeche.mr\/index.php?rest_route=%2Fwp%2Fv2%2Fmedia&parent=19013"}],"wp:term":[{"taxonomy":"category","embeddable":true,"href":"https:\/\/ladepeche.mr\/index.php?rest_route=%2Fwp%2Fv2%2Fcategories&post=19013"},{"taxonomy":"post_tag","embeddable":true,"href":"https:\/\/ladepeche.mr\/index.php?rest_route=%2Fwp%2Fv2%2Ftags&post=19013"}],"curies":[{"name":"wp","href":"https:\/\/api.w.org\/{rel}","templated":true}]}}