{"id":19017,"date":"2025-11-04T13:44:48","date_gmt":"2025-11-04T13:44:48","guid":{"rendered":"https:\/\/ladepeche.mr\/?p=19017"},"modified":"2025-11-04T13:45:13","modified_gmt":"2025-11-04T13:45:13","slug":"sm-le-roi-mohammed-vi-donne-une-nouvelle-impulsion-au-systeme-national-de-sante-par-linauguration-de-deux-grands-poles-hospitaliers-a-rabat-et-agadir","status":"publish","type":"post","link":"https:\/\/ladepeche.mr\/?p=19017","title":{"rendered":"SM le Roi Mohammed VI donne une nouvelle impulsion au syst\u00e8me national de sant\u00e9 par l\u2019inauguration de deux grands p\u00f4les hospitaliers \u00e0 Rabat et Agadir"},"content":{"rendered":"<p>Sa Majest\u00e9 le Roi Mohammed VI, accompagn\u00e9 de Son Altesse Royale le Prince H\u00e9ritier Moulay El Hassan, a proc\u00e9d\u00e9, lundi \u00e0 Rabat, \u00e0 l\u2019inauguration du Complexe Hospitalo-Universitaire International Mohammed VI, et a donn\u00e9 Ses Hautes Instructions pour la mise en service du Centre Hospitalier Universitaire Mohammed VI d\u2019Agadir. Deux r\u00e9alisations structurantes qui traduisent la Vision Royale \u00e9clair\u00e9e pour un syst\u00e8me de sant\u00e9 moderne, \u00e9quitable et durable, au service du citoyen et du d\u00e9veloppement humain.<\/p>\n<p>L\u2019\u00e9tablissement du CHU Mohammed VI d\u2019Agadir marque une \u00e9tape d\u00e9terminante dans le renforcement du r\u00e9seau hospitalier universitaire national et l\u2019am\u00e9lioration de l\u2019acc\u00e8s \u00e9quitable aux soins dans la r\u00e9gion du Souss-Massa et les provinces voisines.<br \/>\nImplant\u00e9 sur 30 hectares, dot\u00e9 de 867 lits, de blocs op\u00e9ratoires num\u00e9riques, d\u2019unit\u00e9s de r\u00e9animation et du robot chirurgical Revo I \u2013 une premi\u00e8re en Afrique \u2013 cet h\u00f4pital universitaire de nouvelle g\u00e9n\u00e9ration place la m\u00e9decine de pointe \u00e0 la port\u00e9e des citoyens du Sud du Royaume.<\/p>\n<p>Le CHU d\u2019Agadir se veut un v\u00e9ritable centre d\u2019excellence m\u00e9dicale et acad\u00e9mique, garantissant une prise en charge de proximit\u00e9 et la formation de la nouvelle g\u00e9n\u00e9ration de m\u00e9decins, infirmiers et chercheurs marocains. Ce projet d\u2019envergure incarne la r\u00e9gionalisation avanc\u00e9e de la sant\u00e9 et la souverainet\u00e9 sanitaire nationale, conform\u00e9ment \u00e0 la Vision Royale d\u2019un syst\u00e8me int\u00e9gr\u00e9, solidaire et centr\u00e9 sur le citoyen.<\/p>\n<p>Pour ce qui est du Complexe Hospitalo-Universitaire International Mohammed VI de Rabat, r\u00e9alis\u00e9 par la Fondation Mohammed VI des Sciences et de la Sant\u00e9, il s\u2019impose comme une structure m\u00e9dicale et universitaire de r\u00e9f\u00e9rence internationale, alliant soins de haut niveau, innovation et formation d\u2019excellence.<\/p>\n<p>S\u2019\u00e9tendant sur 280.000 m\u00b2, cet \u00e9tablissement comprend un h\u00f4pital d\u2019une capacit\u00e9 initiale de 600 lits extensible \u00e0 1.000 et une universit\u00e9 pouvant accueillir jusqu\u2019\u00e0 8.000 \u00e9tudiants. \u00c9quip\u00e9 des technologies m\u00e9dicales les plus avanc\u00e9es \u2013 PET-IRM, plateforme de laboratoire enti\u00e8rement automatis\u00e9e, chirurgie robotis\u00e9e et centre international de simulation m\u00e9dicale \u2013 le complexe est \u00e9galement certifi\u00e9 HQE niveau \u201cExceptionnel\u201d pour sa performance \u00e9nerg\u00e9tique et environnementale, avec 8.800 m\u00b2 de panneaux photovolta\u00efques couvrant plus de 10 % de ses besoins \u00e9nerg\u00e9tiques.<\/p>\n<p>Ces deux \u00e9tablissements hospitaliers incarnent la Haute Bienveillance de Sa Majest\u00e9 le Roi envers Ses citoyens et Sa volont\u00e9 constante de moderniser le syst\u00e8me de sant\u00e9 national, de renforcer la formation m\u00e9dicale marocaine et de promouvoir une m\u00e9decine d\u2019excellence accessible \u00e0 tous. <\/p>\n<p>Ils traduisent un Maroc r\u00e9solument tourn\u00e9 vers l\u2019avenir \u2014 innovant, durable et humain, pla\u00e7ant la sant\u00e9 et le bien-\u00eatre du citoyen au c\u0153ur de ses priorit\u00e9s. Ces deux structures permettront de g\u00e9n\u00e9rer des milliers d\u2019emplois directs et indirects, contribuant ainsi au d\u00e9veloppement \u00e9conomique et social tant \u00e0 l\u2019\u00e9chelle r\u00e9gionale que nationale.<\/p>\n<p>\u2018\u2019 <em>L\u2019int\u00e9r\u00eat bienveillant que Nous portons \u00e0 la sant\u00e9 de chaque citoyen marocain et \u00e0 la s\u00e9curit\u00e9 de sa famille est \u00e0 l\u2019aune de Nos propres pr\u00e9occupations \u00e0 l\u2019\u00e9gard de Nos propres enfants et de Notre propre famille<\/em>\u2019\u2019. (Extrait du discours Royal du 29 juillet 2020).<br \/>\n(avec m\u00e9dias)<\/p>\n","protected":false},"excerpt":{"rendered":"<p>Sa Majest\u00e9 le Roi Mohammed VI, accompagn\u00e9 de Son Altesse Royale le Prince H\u00e9ritier Moulay El Hassan, a proc\u00e9d\u00e9, lundi \u00e0 Rabat, \u00e0 l\u2019inauguration du Complexe Hospitalo-Universitaire International Mohammed VI, et a donn\u00e9 Ses Hautes Instructions pour la mise en service du Centre Hospitalier Universitaire Mohammed VI d\u2019Agadir. Deux r\u00e9alisations structurantes qui traduisent la Vision &hellip;<\/p>\n","protected":false},"author":2,"featured_media":19019,"comment_status":"open","ping_status":"open","sticky":false,"template":"","format":"standard","meta":{"footnotes":""},"categories":[18,29],"tags":[],"class_list":["post-19017","post","type-post","status-publish","format-standard","has-post-thumbnail","hentry","category-actualites","category-monde"],"_links":{"self":[{"href":"https:\/\/ladepeche.mr\/index.php?rest_route=\/wp\/v2\/posts\/19017","targetHints":{"allow":["GET"]}}],"collection":[{"href":"https:\/\/ladepeche.mr\/index.php?rest_route=\/wp\/v2\/posts"}],"about":[{"href":"https:\/\/ladepeche.mr\/index.php?rest_route=\/wp\/v2\/types\/post"}],"author":[{"embeddable":true,"href":"https:\/\/ladepeche.mr\/index.php?rest_route=\/wp\/v2\/users\/2"}],"replies":[{"embeddable":true,"href":"https:\/\/ladepeche.mr\/index.php?rest_route=%2Fwp%2Fv2%2Fcomments&post=19017"}],"version-history":[{"count":2,"href":"https:\/\/ladepeche.mr\/index.php?rest_route=\/wp\/v2\/posts\/19017\/revisions"}],"predecessor-version":[{"id":19020,"href":"https:\/\/ladepeche.mr\/index.php?rest_route=\/wp\/v2\/posts\/19017\/revisions\/19020"}],"wp:featuredmedia":[{"embeddable":true,"href":"https:\/\/ladepeche.mr\/index.php?rest_route=\/wp\/v2\/media\/19019"}],"wp:attachment":[{"href":"https:\/\/ladepeche.mr\/index.php?rest_route=%2Fwp%2Fv2%2Fmedia&parent=19017"}],"wp:term":[{"taxonomy":"category","embeddable":true,"href":"https:\/\/ladepeche.mr\/index.php?rest_route=%2Fwp%2Fv2%2Fcategories&post=19017"},{"taxonomy":"post_tag","embeddable":true,"href":"https:\/\/ladepeche.mr\/index.php?rest_route=%2Fwp%2Fv2%2Ftags&post=19017"}],"curies":[{"name":"wp","href":"https:\/\/api.w.org\/{rel}","templated":true}]}}