{"id":19021,"date":"2025-11-04T13:57:50","date_gmt":"2025-11-04T13:57:50","guid":{"rendered":"https:\/\/ladepeche.mr\/?p=19021"},"modified":"2025-11-04T13:58:29","modified_gmt":"2025-11-04T13:58:29","slug":"mauritanie-koweit-abdallah-ould-souleymane-ould-cheikh-sidia-reaffirme-la-solidite-du-partenariat-entre-les-deux-pays","status":"publish","type":"post","link":"https:\/\/ladepeche.mr\/?p=19021","title":{"rendered":"Mauritanie-Koweit: Abdallahi Ould Souleimane Ould Cheikh Sidiya r\u00e9affirme la solidit\u00e9 du partenariat entre les deux pays"},"content":{"rendered":"<p>Le ministre mauritanien des Affaires \u00e9conomiques et du D\u00e9veloppement, Dr. Abdallah Ould Souleymane Ould Cheikh Sidia, a r\u00e9affirm\u00e9 lundi \u00e0 Nouakchott la solidit\u00e9 du partenariat de d\u00e9veloppement entre la Mauritanie et le Kowe\u00eft, lors d\u2019un entretien avec l\u2019ambassadeur kowe\u00eftien, Ibdah Maqad Al Doussari.<br \/>\nSelon une note du MAED, les discussions entre les deux parties ont port\u00e9 sur l\u2019\u00e9tat de la coop\u00e9ration bilat\u00e9rale et les perspectives de son renforcement. Les deux responsables ont \u00e9galement \u00e9voqu\u00e9 les principaux acquis de ce partenariat et les opportunit\u00e9s de collaboration dans plusieurs secteurs prioritaires pour le d\u00e9veloppement \u00e9conomique et social du pays, notamment les infrastructures, l\u2019\u00e9nergie, l\u2019agriculture et l\u2019\u00e9ducation.<br \/>\nLe ministre mauritanien a salu\u00e9 le soutien constant du Kowe\u00eft \u00e0 travers le Fonds kowe\u00eftien pour le d\u00e9veloppement \u00e9conomique arabe, consid\u00e9r\u00e9 comme un partenaire strat\u00e9gique de longue date. Ce fonds a contribu\u00e9 au financement de nombreux projets structurants en Mauritanie, faisant de la coop\u00e9ration mauritano-kowe\u00eftienne un mod\u00e8le de partenariat durable dans le monde arabe.<br \/>\nLe Kowe\u00eft poursuit cet appui par des pr\u00eats concessionnels et une assistance technique destin\u00e9s \u00e0 renforcer les capacit\u00e9s nationales de d\u00e9veloppement, a ajout\u00e9 la m\u00eame source. Il avait annul\u00e9 en 2021 95% des int\u00e9r\u00eats accumul\u00e9s sur sa dette, qui dure depuis des d\u00e9cennies et \u00e9chelonn\u00e9 le remboursement du principal sur une p\u00e9riode de 20 ans.<br \/>\nOnt assist\u00e9 \u00e0 la rencontre le secr\u00e9taire g\u00e9n\u00e9ral du minist\u00e8re des Affaires \u00e9conomiques et du D\u00e9veloppement, Yacoub Ould Ahmed A\u00efcha, ainsi que le directeur g\u00e9n\u00e9ral des financements et de la coop\u00e9ration \u00e9conomique, Mohamed Salem Ould Nani.<\/p>\n","protected":false},"excerpt":{"rendered":"<p>Le ministre mauritanien des Affaires \u00e9conomiques et du D\u00e9veloppement, Dr. Abdallah Ould Souleymane Ould Cheikh Sidia, a r\u00e9affirm\u00e9 lundi \u00e0 Nouakchott la solidit\u00e9 du partenariat de d\u00e9veloppement entre la Mauritanie et le Kowe\u00eft, lors d\u2019un entretien avec l\u2019ambassadeur kowe\u00eftien, Ibdah Maqad Al Doussari. Selon une note du MAED, les discussions entre les deux parties ont &hellip;<\/p>\n","protected":false},"author":2,"featured_media":19022,"comment_status":"open","ping_status":"open","sticky":false,"template":"","format":"standard","meta":{"footnotes":""},"categories":[18,2],"tags":[],"class_list":["post-19021","post","type-post","status-publish","format-standard","has-post-thumbnail","hentry","category-actualites","category-economie"],"_links":{"self":[{"href":"https:\/\/ladepeche.mr\/index.php?rest_route=\/wp\/v2\/posts\/19021","targetHints":{"allow":["GET"]}}],"collection":[{"href":"https:\/\/ladepeche.mr\/index.php?rest_route=\/wp\/v2\/posts"}],"about":[{"href":"https:\/\/ladepeche.mr\/index.php?rest_route=\/wp\/v2\/types\/post"}],"author":[{"embeddable":true,"href":"https:\/\/ladepeche.mr\/index.php?rest_route=\/wp\/v2\/users\/2"}],"replies":[{"embeddable":true,"href":"https:\/\/ladepeche.mr\/index.php?rest_route=%2Fwp%2Fv2%2Fcomments&post=19021"}],"version-history":[{"count":2,"href":"https:\/\/ladepeche.mr\/index.php?rest_route=\/wp\/v2\/posts\/19021\/revisions"}],"predecessor-version":[{"id":19024,"href":"https:\/\/ladepeche.mr\/index.php?rest_route=\/wp\/v2\/posts\/19021\/revisions\/19024"}],"wp:featuredmedia":[{"embeddable":true,"href":"https:\/\/ladepeche.mr\/index.php?rest_route=\/wp\/v2\/media\/19022"}],"wp:attachment":[{"href":"https:\/\/ladepeche.mr\/index.php?rest_route=%2Fwp%2Fv2%2Fmedia&parent=19021"}],"wp:term":[{"taxonomy":"category","embeddable":true,"href":"https:\/\/ladepeche.mr\/index.php?rest_route=%2Fwp%2Fv2%2Fcategories&post=19021"},{"taxonomy":"post_tag","embeddable":true,"href":"https:\/\/ladepeche.mr\/index.php?rest_route=%2Fwp%2Fv2%2Ftags&post=19021"}],"curies":[{"name":"wp","href":"https:\/\/api.w.org\/{rel}","templated":true}]}}