{"id":19028,"date":"2025-11-04T14:38:15","date_gmt":"2025-11-04T14:38:15","guid":{"rendered":"https:\/\/ladepeche.mr\/?p=19028"},"modified":"2025-11-04T14:38:59","modified_gmt":"2025-11-04T14:38:59","slug":"justice-la-cour-supreme-confirme-la-condamnation-a-15-ans-de-prison-de-lancien-president","status":"publish","type":"post","link":"https:\/\/ladepeche.mr\/?p=19028","title":{"rendered":"Justice : La Cour supr\u00eame confirme la condamnation \u00e0 15 ans de prison de l\u2019ancien pr\u00e9sident"},"content":{"rendered":"<p>La Cour Supr\u00eame a confirm\u00e9 mardi 4 novembre 2025 la condamnation pour 15 ans de prison, le 14 mai 2025 par la cour d\u2019appel de l\u2019ancien pr\u00e9sident Mohamed Ould Abdelaziz, d\u00e9tenu depuis dans le cadre d\u2019un proc\u00e8s depuis le 14 janvier 2023.<br \/>\nCondamn\u00e9 en premi\u00e8re instance \u00e0 5 ans de prison ferme, en d\u00e9cembre 2023, l\u2019ancien pr\u00e9sident avait interjet\u00e9 appel devant la cour d\u2019appel en novembre 2024.<br \/>\nLe tribunal devant lequel il comparaissait en m\u00eame temps que des coaccus\u00e9s avait alourdi sa peine en 15 ans de prison, la confiscation de ses biens et sa d\u00e9ch\u00e9ance de ses droits civiques.<br \/>\nL\u2019ancien pr\u00e9sident est poursuivi pour \u00ab enrichissement illicite \u00bb, \u00ab trafic d\u2019influence \u00bb et \u00ab blanchiment d\u2019argent\u00bb. Lors de l\u2019audience, qui s\u2019est d\u00e9roul\u00e9e sous haute surveillance polici\u00e8re, la cour a \u00e9galement confirm\u00e9 la confiscation des biens de M. Aziz et la d\u00e9ch\u00e9ance de ses droits civiques.<br \/>\nA l\u2019issue de cette seconde condamnation, sa d\u00e9fense avait estim\u00e9 que le jugement avait \u00e9t\u00e9 \u00e9maill\u00e9 de \u00ab violations dans la proc\u00e9dure \u00bb et avait d\u00e9pos\u00e9 un recours en cassation devant la Cour supr\u00eame.<br \/>\nSi la majorit\u00e9 de ses coaccus\u00e9s ont \u00e9t\u00e9 \u00e9largie, la Cour supr\u00eame vient donc de sceller le sort de l\u2019ancien pr\u00e9sident et des deux derniers coaccus\u00e9s Mohamed Ould Msabou et \u00e0 Mohamed Lemine Ould Bebatt.<br \/>\nPour la d\u00e9fense de l\u2019ancien pr\u00e9sident, la condamnation de son client ne serait q\u2019une affaire politique visant \u00e0 se d\u00e9barrasser d\u2019un adversaire devenu g\u00eanant pour le pouvoir en place. \u00ab Un r\u00e8glement de comptes \u00bb avait estim\u00e9 Me Ichiddou, coordinateur du collectif de d\u00e9fense de l\u2019ancien.<\/p>\n","protected":false},"excerpt":{"rendered":"<p>La Cour Supr\u00eame a confirm\u00e9 mardi 4 novembre 2025 la condamnation pour 15 ans de prison, le 14 mai 2025 par la cour d\u2019appel de l\u2019ancien pr\u00e9sident Mohamed Ould Abdelaziz, d\u00e9tenu depuis dans le cadre d\u2019un proc\u00e8s depuis le 14 janvier 2023. Condamn\u00e9 en premi\u00e8re instance \u00e0 5 ans de prison ferme, en d\u00e9cembre 2023, &hellip;<\/p>\n","protected":false},"author":2,"featured_media":3650,"comment_status":"open","ping_status":"open","sticky":false,"template":"","format":"standard","meta":{"footnotes":""},"categories":[18,31],"tags":[],"class_list":["post-19028","post","type-post","status-publish","format-standard","has-post-thumbnail","hentry","category-actualites","category-politique-et-reportages"],"_links":{"self":[{"href":"https:\/\/ladepeche.mr\/index.php?rest_route=\/wp\/v2\/posts\/19028","targetHints":{"allow":["GET"]}}],"collection":[{"href":"https:\/\/ladepeche.mr\/index.php?rest_route=\/wp\/v2\/posts"}],"about":[{"href":"https:\/\/ladepeche.mr\/index.php?rest_route=\/wp\/v2\/types\/post"}],"author":[{"embeddable":true,"href":"https:\/\/ladepeche.mr\/index.php?rest_route=\/wp\/v2\/users\/2"}],"replies":[{"embeddable":true,"href":"https:\/\/ladepeche.mr\/index.php?rest_route=%2Fwp%2Fv2%2Fcomments&post=19028"}],"version-history":[{"count":2,"href":"https:\/\/ladepeche.mr\/index.php?rest_route=\/wp\/v2\/posts\/19028\/revisions"}],"predecessor-version":[{"id":19030,"href":"https:\/\/ladepeche.mr\/index.php?rest_route=\/wp\/v2\/posts\/19028\/revisions\/19030"}],"wp:featuredmedia":[{"embeddable":true,"href":"https:\/\/ladepeche.mr\/index.php?rest_route=\/wp\/v2\/media\/3650"}],"wp:attachment":[{"href":"https:\/\/ladepeche.mr\/index.php?rest_route=%2Fwp%2Fv2%2Fmedia&parent=19028"}],"wp:term":[{"taxonomy":"category","embeddable":true,"href":"https:\/\/ladepeche.mr\/index.php?rest_route=%2Fwp%2Fv2%2Fcategories&post=19028"},{"taxonomy":"post_tag","embeddable":true,"href":"https:\/\/ladepeche.mr\/index.php?rest_route=%2Fwp%2Fv2%2Ftags&post=19028"}],"curies":[{"name":"wp","href":"https:\/\/api.w.org\/{rel}","templated":true}]}}