{"id":19033,"date":"2025-11-04T22:11:19","date_gmt":"2025-11-04T22:11:19","guid":{"rendered":"https:\/\/ladepeche.mr\/?p=19033"},"modified":"2025-11-04T22:11:19","modified_gmt":"2025-11-04T22:11:19","slug":"le-conseil-des-ministres-adopte-la-creation-dun-cadre-de-cooperation-visant-a-perenniser-la-cooperation-entre-le-systeme-des-nations-unies-et-le-gouvernement-et-au-renforcement-de-son-impact","status":"publish","type":"post","link":"https:\/\/ladepeche.mr\/?p=19033","title":{"rendered":"Le Conseil des ministres adopte la cr\u00e9ation d\u2019un cadre de coop\u00e9ration visant \u00e0 p\u00e9renniser la coop\u00e9ration entre le Syst\u00e8me des Nations Unies et le Gouvernement et au renforcement de son impact positif sur le d\u00e9veloppement du pays."},"content":{"rendered":"<p>Le Conseil des Ministres s\u2019est r\u00e9uni le Mardi 04 novembre 2025, sous la Pr\u00e9sidence de Son Excellence Monsieur Mohamed OULD CHEIKH EL-GHAZOUANI, Pr\u00e9sident de la R\u00e9publique.<\/p>\n<p>Le Conseil a examin\u00e9 et adopt\u00e9 les projets de d\u00e9crets suivants :<\/p>\n<p>\u2013 Projet de d\u00e9cret portant nomination du Pr\u00e9sident et des Membres du Conseil d\u2019Administration de la Grande Mahadra chinguittiya.<\/p>\n<p>\u2013 Projet de d\u00e9cret portant formalisation du dispositif de gouvernance du cadre de coop\u00e9ration pour le d\u00e9veloppement durable entre la Mauritanie et le syst\u00e8me des Nations Unies.<\/p>\n<p>Ce cadre de coop\u00e9ration vise \u00e0 permettre la mise en place d\u2019un dispositif de gouvernance solide n\u00e9cessaire \u00e0 la p\u00e9rennisation de la coop\u00e9ration entre le Syst\u00e8me des Nations Unies et le Gouvernement et au renforcement de son impact positif sur le d\u00e9veloppement du pays.<\/p>\n<p>L\u2019architecture de ce dispositif de gouvernance conjointe \u00e9tant d\u00e9finie dans le document du Cadre de Coop\u00e9ration pour le D\u00e9veloppement Durable (CCDD 2024- 2027) sign\u00e9 le 23 janvier 2024, entre les deux parties, le pr\u00e9sent projet de d\u00e9cret intervient pour formaliser ledit dispositif qui s\u2019articule autour d\u2019un Comit\u00e9 de Pilotage, d\u2019un Secr\u00e9tariat Technique et des Groupes Conjoints de R\u00e9sultats.<\/p>\n<p>\u2013 Projet de d\u00e9cret relatif au concours de r\u00e9sidanat et \u00e0 la sp\u00e9cialisation en m\u00e9decine, en pharmacie et en m\u00e9decine dentaire.<\/p>\n<p>Ce pr\u00e9sent projet de d\u00e9cret vise \u00e0 am\u00e9liorer la formation m\u00e9dicale et la sp\u00e9cialisation en sant\u00e9 (m\u00e9decine, pharmacie, chirurgie dentaire), en renfor\u00e7ant les ressources humaines et en garantissant transparence, m\u00e9rite et comp\u00e9tence. Il repose sur plusieurs consid\u00e9rations fondamentales :<\/p>\n<p>\u2013 Mise \u00e0 jour du cadre juridique et r\u00e9glementaire.<\/p>\n<p>\u2013 Renforcement du caract\u00e8re institutionnel du concours.<\/p>\n<p>\u2013 Encadrement et modernisation des proc\u00e9dures de formation et d\u2019\u00e9valuation.<\/p>\n<p>\u2013 Diversification des sp\u00e9cialit\u00e9s et des domaines de r\u00e9sidanat.<\/p>\n<p>\u2013 Gouvernance de la qualit\u00e9 et \u00e9quit\u00e9.<\/p>\n<p>Par ailleurs, le Conseil des Ministres saisit l\u2019occasion de l\u2019ach\u00e8vement du processus de d\u00e9termination de la repr\u00e9sentativit\u00e9 syndicale des travailleurs pour f\u00e9liciter ces derniers de l\u2019esprit de discipline et de responsabilit\u00e9 dont ils ont fait preuve tout au long de ce processus qui consacre, pour la premi\u00e8re fois dans notre pays, l\u2019organisation du mouvement syndical \u00e0 travers la d\u00e9termination des organisations syndicales repr\u00e9sentatives.<\/p>\n<p>Il exprime \u00e9galement ses remerciements aux responsables des syndicats professionnels, aux centrales syndicales, aux membres de la commission technique, ainsi qu\u2019aux autorit\u00e9s administratives pour les efforts d\u00e9ploy\u00e9s en vue d\u2019organiser le paysage syndical et de renforcer le r\u00f4le des partenaires sociaux dans la r\u00e9alisation du d\u00e9veloppement \u00e9conomique et social de notre pays, selon une approche participative fond\u00e9e sur le dialogue constructif, la responsabilit\u00e9 et la transparence.<\/p>\n<p>Le Ministre charg\u00e9 du Secr\u00e9tariat G\u00e9n\u00e9ral du Gouvernement a pr\u00e9sent\u00e9 une communication relative \u00e0 l\u2019\u00e9volution du portefeuille des grands march\u00e9s pour la p\u00e9riode allant du 1er septembre au 31 octobre 2025.<\/p>\n<p>Le portefeuille est aujourd\u2019hui compos\u00e9 de 108 march\u00e9s. L\u2019enveloppe globale de financement de ce portefeuille s\u2019\u00e9l\u00e8ve \u00e0 45,8 Milliards MRU r\u00e9partis dans 13 d\u00e9partements minist\u00e9riels ou assimil\u00e9s et couvrant un large \u00e9ventail de secteurs prioritaires pour le d\u00e9veloppement socio-\u00e9conomique du pays.<\/p>\n<p>L\u2019avancement moyen du portefeuille \u00e0 la fin du mois d\u2019octobre 2025 est de 62,8% avec une progression moyenne de 6,4 points en deux mois ou 3,2 points par mois.<\/p>\n<p>Globalement, l\u2019am\u00e9lioration de la cadence d\u2019ex\u00e9cution des grands march\u00e9s, constat\u00e9e depuis six mois, semble s\u2019inscrire dans la dur\u00e9e. Cette tendance aurait pu s\u2019accentuer davantage si l\u2019hivernage n\u2019avait pas entrain\u00e9 le ralentissement des march\u00e9s des secteurs de l\u2019Agriculture et de l\u2019Equipement depuis plus de 4 mois.<\/p>\n<p>Le travail soutenu men\u00e9 pour lever les principaux goulots d\u2019\u00e9tranglement, notamment li\u00e9s au payement des avances de d\u00e9marrage et des d\u00e9comptes, \u00e0 la coordination entre d\u00e9partements et \u00e0 la lib\u00e9ration des emprises a permis d\u2019am\u00e9liorer sensiblement la cadence d\u2019ex\u00e9cution des march\u00e9s. Ces efforts ont produit des r\u00e9sultats significatifs : la grande majorit\u00e9 des projets ont connu une nette acc\u00e9l\u00e9ration de leur ex\u00e9cution, conduisant \u00e0 la r\u00e9ception et \u00e0 la mise en service de nombreux ouvrages, et ouvrant la voie au lancement de nouveaux projets strat\u00e9giques.<\/p>\n<p>Le Programme Prioritaire de D\u00e9veloppement de la Ville de Nouakchott (PPDV_NKC) lanc\u00e9 le 20 janvier 2025 enregistre au 31 Octobre 2025 un avancement de 66% pour un d\u00e9lai consomm\u00e9 \u00e0 56%. L\u2019\u00e9volution au cours des mois de septembre et d\u2019octobre 2025 est de respectivement 11,2 et 5,2 points, soit 16,24 points cumul\u00e9s sur la p\u00e9riode.<\/p>\n<p>Le Ministre des Affaires Etrang\u00e8res, de la Coop\u00e9ration Africaine et des Mauritaniens de l\u2019Ext\u00e9rieur a pr\u00e9sent\u00e9 une communication relative \u00e0 la situation internationale.<\/p>\n<p>Le Ministre de l\u2019Int\u00e9rieur, de la Promotion de la D\u00e9centralisation et du D\u00e9veloppement Local a pr\u00e9sent\u00e9 une communication relative \u00e0 la situation int\u00e9rieure.<\/p>\n<p>La Ministre du Commerce et du Tourisme a pr\u00e9sent\u00e9 une communication relative \u00e0 la saison touristique \u00e0 l\u2019int\u00e9rieur du pays\u2026 \u00ab Mon pays \u2013 Ma destination \u00bb.<\/p>\n<p>Cette communication pr\u00e9sente le bilan de la derni\u00e8re saison touristique \u00e0 l\u2019int\u00e9rieur du pays, en application des hautes orientations de SEM le Pr\u00e9sident de la R\u00e9publique, Mohamed Ould Cheikh El Ghazouani, pour davantage d\u2019int\u00e9gration et de compl\u00e9mentarit\u00e9 \u00e9conomique, de r\u00e9orientation des d\u00e9penses touristiques vers l\u2019\u00e9conomie nationale gr\u00e2ce au tourisme et aux vacances \u00e0 l\u2019int\u00e9rieur du pays plut\u00f4t qu\u2019\u00e0 l\u2019\u00e9tranger, toute une vision du d\u00e9veloppement li\u00e9 au secteur touristique se fait jour. Elle consiste \u00e0 dynamiser l\u2019\u00e9conomie locale, \u00e0 renforcer la conscience touristique et \u00e0 valoriser le patrimoine culturel et social de la Mauritanie. Ainsi, le tourisme \u00e0 l\u2019int\u00e9rieur du pays est \u00e9rig\u00e9 en levier essentiel du d\u00e9veloppement r\u00e9gional \u00e9quilibr\u00e9 et en catalyseur puissant des valeurs d\u2019appartenance nationale et de solidarit\u00e9 sociale.<\/p>\n<p>Sur la base des premi\u00e8res \u00e9valuations des retomb\u00e9es positives du plan national de d\u00e9veloppement du tourisme \u00e0 l\u2019int\u00e9rieur du pays, la pr\u00e9sente communication met en lumi\u00e8re les r\u00e9sultats concrets obtenus. Elle jette les bases d\u2019une vision institutionnelle int\u00e9gr\u00e9e, visant \u00e0 consolider les acquis, coordonner les efforts des promoteurs publics et priv\u00e9s. De m\u00eame, elle \u0153uvre \u00e0 \u00e9largir le champ du tourisme \u00e0 l\u2019int\u00e9rieur du pays, pour qu\u2019il devienne une culture en soi et pour en faire une ressource \u00e9conomique durable au service d\u2019un d\u00e9veloppement global et inclusif.<\/p>\n<p>Enfin, le Conseil a pris les mesures individuelles suivantes :<\/p>\n<p>Minist\u00e8re de la Fonction Publique et du Travail<\/p>\n<p>Commission Nationale des Concours<\/p>\n<p>\u2013 Pr\u00e9sident : Chekhna Ould Idoumou<\/p>\n<p>\u2013 Commissaire du Gouvernement : Abderrahmane Sidi Abdellah<\/p>\n<p>\u2013 Membre : Souleimane Bouna Mokhtar<\/p>\n<p>\u2013 Membre : Demba Ciss\u00e9<br \/>\nAmi<\/p>\n","protected":false},"excerpt":{"rendered":"<p>Le Conseil des Ministres s\u2019est r\u00e9uni le Mardi 04 novembre 2025, sous la Pr\u00e9sidence de Son Excellence Monsieur Mohamed OULD CHEIKH EL-GHAZOUANI, Pr\u00e9sident de la R\u00e9publique. Le Conseil a examin\u00e9 et adopt\u00e9 les projets de d\u00e9crets suivants : \u2013 Projet de d\u00e9cret portant nomination du Pr\u00e9sident et des Membres du Conseil d\u2019Administration de la Grande &hellip;<\/p>\n","protected":false},"author":2,"featured_media":16698,"comment_status":"open","ping_status":"open","sticky":false,"template":"","format":"standard","meta":{"footnotes":""},"categories":[18,2],"tags":[],"class_list":["post-19033","post","type-post","status-publish","format-standard","has-post-thumbnail","hentry","category-actualites","category-economie"],"_links":{"self":[{"href":"https:\/\/ladepeche.mr\/index.php?rest_route=\/wp\/v2\/posts\/19033","targetHints":{"allow":["GET"]}}],"collection":[{"href":"https:\/\/ladepeche.mr\/index.php?rest_route=\/wp\/v2\/posts"}],"about":[{"href":"https:\/\/ladepeche.mr\/index.php?rest_route=\/wp\/v2\/types\/post"}],"author":[{"embeddable":true,"href":"https:\/\/ladepeche.mr\/index.php?rest_route=\/wp\/v2\/users\/2"}],"replies":[{"embeddable":true,"href":"https:\/\/ladepeche.mr\/index.php?rest_route=%2Fwp%2Fv2%2Fcomments&post=19033"}],"version-history":[{"count":1,"href":"https:\/\/ladepeche.mr\/index.php?rest_route=\/wp\/v2\/posts\/19033\/revisions"}],"predecessor-version":[{"id":19034,"href":"https:\/\/ladepeche.mr\/index.php?rest_route=\/wp\/v2\/posts\/19033\/revisions\/19034"}],"wp:featuredmedia":[{"embeddable":true,"href":"https:\/\/ladepeche.mr\/index.php?rest_route=\/wp\/v2\/media\/16698"}],"wp:attachment":[{"href":"https:\/\/ladepeche.mr\/index.php?rest_route=%2Fwp%2Fv2%2Fmedia&parent=19033"}],"wp:term":[{"taxonomy":"category","embeddable":true,"href":"https:\/\/ladepeche.mr\/index.php?rest_route=%2Fwp%2Fv2%2Fcategories&post=19033"},{"taxonomy":"post_tag","embeddable":true,"href":"https:\/\/ladepeche.mr\/index.php?rest_route=%2Fwp%2Fv2%2Ftags&post=19033"}],"curies":[{"name":"wp","href":"https:\/\/api.w.org\/{rel}","templated":true}]}}