{"id":19035,"date":"2025-11-05T09:00:06","date_gmt":"2025-11-05T09:00:06","guid":{"rendered":"https:\/\/ladepeche.mr\/?p=19035"},"modified":"2025-11-05T00:13:41","modified_gmt":"2025-11-05T00:13:41","slug":"mauritanie-turquie-une-delegation-militaire-mauritanienne-en-visite-a-ankara","status":"publish","type":"post","link":"https:\/\/ladepeche.mr\/?p=19035","title":{"rendered":"Mauritanie\u2013Turquie : une d\u00e9l\u00e9gation militaire mauritanienne en visite \u00e0 Ankara"},"content":{"rendered":"<p>Une d\u00e9l\u00e9gation militaire mauritanienne a effectu\u00e9, du 19 au 24 octobre, une visite de travail en Turquie dans le cadre de la coop\u00e9ration entre les deux pays en mati\u00e8re de s\u00e9curit\u00e9 des fronti\u00e8res, a-t-on appris de source militaire mauritanienne.<br \/>\nConduite par le colonel Oumar Ould Sidi, commandant de la 7\u1d49 r\u00e9gion militaire, la d\u00e9l\u00e9gation comprenait le colonel Abdallah Ould Mohamed Fall, directeur de la communication et des syst\u00e8mes informatiques, le colonel El Mehdi Mahmoud, adjoint au commandant de la 5\u1d49 r\u00e9gion militaire, et le colonel Ali Ousneiba, adjoint au commandant de la 2\u1d49 r\u00e9gion militaire.<br \/>\nLes officiers mauritaniens ont visit\u00e9 le quartier g\u00e9n\u00e9ral des forces terrestres turques et la brigade des drones, o\u00f9 ils ont suivi des pr\u00e9sentations sur les dispositifs de surveillance frontali\u00e8re et les technologies utilis\u00e9es, notamment les drones et les syst\u00e8mes de cam\u00e9ras.<br \/>\nLa d\u00e9l\u00e9gation s\u2019est \u00e9galement rendue \u00e0 Antakya, sur la fronti\u00e8re turco-syrienne, pour s\u2019informer sur les mesures de s\u00e9curit\u00e9 appliqu\u00e9es dans la zone.<br \/>\nCette visite a permis aux deux parties d\u2019examiner les perspectives de coop\u00e9ration future en mati\u00e8re de s\u00e9curit\u00e9 et de gestion des fronti\u00e8res, selon la m\u00eame source.<\/p>\n","protected":false},"excerpt":{"rendered":"<p>Une d\u00e9l\u00e9gation militaire mauritanienne a effectu\u00e9, du 19 au 24 octobre, une visite de travail en Turquie dans le cadre de la coop\u00e9ration entre les deux pays en mati\u00e8re de s\u00e9curit\u00e9 des fronti\u00e8res, a-t-on appris de source militaire mauritanienne. Conduite par le colonel Oumar Ould Sidi, commandant de la 7\u1d49 r\u00e9gion militaire, la d\u00e9l\u00e9gation comprenait &hellip;<\/p>\n","protected":false},"author":2,"featured_media":19037,"comment_status":"open","ping_status":"open","sticky":false,"template":"","format":"standard","meta":{"footnotes":""},"categories":[18],"tags":[],"class_list":["post-19035","post","type-post","status-publish","format-standard","has-post-thumbnail","hentry","category-actualites"],"_links":{"self":[{"href":"https:\/\/ladepeche.mr\/index.php?rest_route=\/wp\/v2\/posts\/19035","targetHints":{"allow":["GET"]}}],"collection":[{"href":"https:\/\/ladepeche.mr\/index.php?rest_route=\/wp\/v2\/posts"}],"about":[{"href":"https:\/\/ladepeche.mr\/index.php?rest_route=\/wp\/v2\/types\/post"}],"author":[{"embeddable":true,"href":"https:\/\/ladepeche.mr\/index.php?rest_route=\/wp\/v2\/users\/2"}],"replies":[{"embeddable":true,"href":"https:\/\/ladepeche.mr\/index.php?rest_route=%2Fwp%2Fv2%2Fcomments&post=19035"}],"version-history":[{"count":1,"href":"https:\/\/ladepeche.mr\/index.php?rest_route=\/wp\/v2\/posts\/19035\/revisions"}],"predecessor-version":[{"id":19036,"href":"https:\/\/ladepeche.mr\/index.php?rest_route=\/wp\/v2\/posts\/19035\/revisions\/19036"}],"wp:featuredmedia":[{"embeddable":true,"href":"https:\/\/ladepeche.mr\/index.php?rest_route=\/wp\/v2\/media\/19037"}],"wp:attachment":[{"href":"https:\/\/ladepeche.mr\/index.php?rest_route=%2Fwp%2Fv2%2Fmedia&parent=19035"}],"wp:term":[{"taxonomy":"category","embeddable":true,"href":"https:\/\/ladepeche.mr\/index.php?rest_route=%2Fwp%2Fv2%2Fcategories&post=19035"},{"taxonomy":"post_tag","embeddable":true,"href":"https:\/\/ladepeche.mr\/index.php?rest_route=%2Fwp%2Fv2%2Ftags&post=19035"}],"curies":[{"name":"wp","href":"https:\/\/api.w.org\/{rel}","templated":true}]}}