{"id":19039,"date":"2025-11-05T11:45:31","date_gmt":"2025-11-05T11:45:31","guid":{"rendered":"https:\/\/ladepeche.mr\/?p=19039"},"modified":"2025-11-05T11:46:13","modified_gmt":"2025-11-05T11:46:13","slug":"maroc-fete-de-lunite-un-symbole-fort-dun-royaume-indivisible","status":"publish","type":"post","link":"https:\/\/ladepeche.mr\/?p=19039","title":{"rendered":"Maroc-F\u00eate de l\u2019Unit\u00e9 : Un symbole fort d\u2019un Royaume indivisible"},"content":{"rendered":"<p>Selon un communiqu\u00e9 rendu public, mardi 4 novembre, par le Cabinet Royal, Sa Majest\u00e9 le Roi Mohammed VI a d\u00e9cid\u00e9 d\u2019instituer le 31 octobre comme \u201cF\u00eate de l\u2019Unit\u00e9\u201d (Aid Al Wahda), d\u00e9di\u00e9e \u00e0 la c\u00e9l\u00e9bration de l\u2019unit\u00e9 du Royaume. Cette initiative hautement symbolique marque la premi\u00e8re f\u00eate nationale proclam\u00e9e par le Souverain depuis Son av\u00e8nement au Tr\u00f4ne, et la premi\u00e8re depuis la comm\u00e9moration de la r\u00e9cup\u00e9ration d\u2019Oued Eddahab en 1979.<\/p>\n<p>Le communiqu\u00e9 pr\u00e9cise que cette d\u00e9cision royale intervient \u00ab eu \u00e9gard au tournant historique qu\u2019a connu le processus de la Cause nationale \u00bb et aux \u00ab d\u00e9veloppements d\u00e9cisifs apport\u00e9s par la r\u00e9solution 2797\/2025 du Conseil de S\u00e9curit\u00e9 \u00bb, \u00e9voqu\u00e9e dans le dernier discours royal adress\u00e9 \u00e0 la Nation. <\/p>\n<p>La F\u00eate de l\u2019Unit\u00e9 incarne ainsi l\u2019attachement ind\u00e9fectible du Royaume \u00e0 son int\u00e9grit\u00e9 territoriale et \u00e0 la coh\u00e9sion de son peuple, r\u00e9affirmant la notion d\u2019un \u201cMaroc indivisible\u201d, dans son territoire comme dans son destin. Cette c\u00e9l\u00e9bration sera \u00e9galement l\u2019occasion pour le Souverain d\u2019accorder Sa gr\u00e2ce, perp\u00e9tuant ainsi une tradition de cl\u00e9mence et d\u2019unit\u00e9 nationale. <\/p>\n<p>Selon le communiqu\u00e9, il a \u00e9t\u00e9 d\u00e9cid\u00e9 que le Discours royal sera prononc\u00e9 \u00e0 l\u2019avenir en deux occasions officielles : la F\u00eate du Tr\u00f4ne et l\u2019ouverture du Parlement, tout en laissant \u00e0 Sa Majest\u00e9 le Roi la possibilit\u00e9 de s\u2019adresser \u00e0 la Nation \u00ab \u00e0 tout moment et en toute circonstance \u00bb qu\u2019Il jugera opportuns, en Sa qualit\u00e9 d\u2019Amir Al-Mouminine et de Chef de l\u2019\u00c9tat.<\/p>\n<p>Le communiqu\u00e9 souligne enfin que les festivit\u00e9s du cinquantenaire de la Marche Verte seront c\u00e9l\u00e9br\u00e9es comme pr\u00e9vu, sans allocution royale, tandis que la F\u00eate de l\u2019Unit\u00e9 vient s\u2019inscrire dans un moment charni\u00e8re de l\u2019histoire du Maroc, consacrant l\u2019unit\u00e9, la diversit\u00e9 et la solidarit\u00e9 d\u2019un peuple rassembl\u00e9 autour de son Roi et de ses valeurs fondamentales.<br \/>\n(avec m\u00e9dias)<\/p>\n","protected":false},"excerpt":{"rendered":"<p>Selon un communiqu\u00e9 rendu public, mardi 4 novembre, par le Cabinet Royal, Sa Majest\u00e9 le Roi Mohammed VI a d\u00e9cid\u00e9 d\u2019instituer le 31 octobre comme \u201cF\u00eate de l\u2019Unit\u00e9\u201d (Aid Al Wahda), d\u00e9di\u00e9e \u00e0 la c\u00e9l\u00e9bration de l\u2019unit\u00e9 du Royaume. Cette initiative hautement symbolique marque la premi\u00e8re f\u00eate nationale proclam\u00e9e par le Souverain depuis Son av\u00e8nement &hellip;<\/p>\n","protected":false},"author":2,"featured_media":19040,"comment_status":"open","ping_status":"open","sticky":false,"template":"","format":"standard","meta":{"footnotes":""},"categories":[18,29],"tags":[],"class_list":["post-19039","post","type-post","status-publish","format-standard","has-post-thumbnail","hentry","category-actualites","category-monde"],"_links":{"self":[{"href":"https:\/\/ladepeche.mr\/index.php?rest_route=\/wp\/v2\/posts\/19039","targetHints":{"allow":["GET"]}}],"collection":[{"href":"https:\/\/ladepeche.mr\/index.php?rest_route=\/wp\/v2\/posts"}],"about":[{"href":"https:\/\/ladepeche.mr\/index.php?rest_route=\/wp\/v2\/types\/post"}],"author":[{"embeddable":true,"href":"https:\/\/ladepeche.mr\/index.php?rest_route=\/wp\/v2\/users\/2"}],"replies":[{"embeddable":true,"href":"https:\/\/ladepeche.mr\/index.php?rest_route=%2Fwp%2Fv2%2Fcomments&post=19039"}],"version-history":[{"count":1,"href":"https:\/\/ladepeche.mr\/index.php?rest_route=\/wp\/v2\/posts\/19039\/revisions"}],"predecessor-version":[{"id":19041,"href":"https:\/\/ladepeche.mr\/index.php?rest_route=\/wp\/v2\/posts\/19039\/revisions\/19041"}],"wp:featuredmedia":[{"embeddable":true,"href":"https:\/\/ladepeche.mr\/index.php?rest_route=\/wp\/v2\/media\/19040"}],"wp:attachment":[{"href":"https:\/\/ladepeche.mr\/index.php?rest_route=%2Fwp%2Fv2%2Fmedia&parent=19039"}],"wp:term":[{"taxonomy":"category","embeddable":true,"href":"https:\/\/ladepeche.mr\/index.php?rest_route=%2Fwp%2Fv2%2Fcategories&post=19039"},{"taxonomy":"post_tag","embeddable":true,"href":"https:\/\/ladepeche.mr\/index.php?rest_route=%2Fwp%2Fv2%2Ftags&post=19039"}],"curies":[{"name":"wp","href":"https:\/\/api.w.org\/{rel}","templated":true}]}}