{"id":19042,"date":"2025-11-05T12:56:08","date_gmt":"2025-11-05T12:56:08","guid":{"rendered":"https:\/\/ladepeche.mr\/?p=19042"},"modified":"2025-11-05T12:56:08","modified_gmt":"2025-11-05T12:56:08","slug":"loim-lance-une-nouvelle-initiative-en-afrique-de-louest-pour-retrouver-les-migrants-disparus-en-mer","status":"publish","type":"post","link":"https:\/\/ladepeche.mr\/?p=19042","title":{"rendered":"L\u2019OIM lance une nouvelle initiative en Afrique de l\u2019Ouest pour retrouver les migrants disparus en mer"},"content":{"rendered":"<p>L\u2019Organisation internationale pour les migrations (OIM) a lanc\u00e9 une initiative de renforcement des capacit\u00e9s nationales avec les gouvernements de la Gambie et de la Mauritanie afin d\u2019aider ces pays \u00e0 retrouver les migrants disparus et d\u00e9c\u00e9d\u00e9s le long des routes reliant l\u2019Afrique et l\u2019Europe.<\/p>\n<p>Cette initiative \u2014 la premi\u00e8re du genre en Afrique de l\u2019Ouest \u2014 s\u2019appuiera sur l\u2019expertise de l\u2019OIM, qui recueille depuis des ann\u00e9es des donn\u00e9es sur les migrants disparus et sur la gestion des migrations. Le projet vise \u00e0 am\u00e9liorer la coordination nationale concernant les migrants disparus dans les deux pays et \u00e0 instaurer une r\u00e9ponse globale aux d\u00e9fis complexes qui surviennent lorsqu\u2019un migrant d\u00e9c\u00e8de ou dispara\u00eet.<\/p>\n<p>\u00ab En donnant de meilleurs moyens aux gouvernements nationaux et locaux et en consolidant la coop\u00e9ration transfrontali\u00e8re, nous sauvons non seulement des vies, mais nous redonnons \u00e9galement espoir et dignit\u00e9 aux familles qui attendent depuis trop longtemps des r\u00e9ponses \u00bb, a d\u00e9clar\u00e9 Sylvia Ekra, Directrice r\u00e9gionale de l\u2019OIM pour l\u2019Afrique de l\u2019Ouest et Centrale. \u00ab Les d\u00e9marches de la Gambie et de la Mauritanie sur cette question marquent un nouveau tournant dans la mani\u00e8re dont une action nationale coordonn\u00e9e peut traiter efficacement un probl\u00e8me aussi complexe. \u00bb<\/p>\n<p>Ces dix derni\u00e8res ann\u00e9es, l\u2019OIM a enregistr\u00e9 plus de 30 000 d\u00e9c\u00e8s de migrants disparus en M\u00e9diterran\u00e9e, 5 000 le long de la route atlantique de l\u2019Afrique de l\u2019Ouest vers l\u2019Espagne, et pr\u00e8s de 6 000 lors de travers\u00e9es du d\u00e9sert du Sahara. Des trag\u00e9dies r\u00e9centes, comme le naufrage au large de Nouakchott d\u2019ao\u00fbt 2025 en Mauritanie, ayant fait au moins 134 victimes, soulignent l\u2019urgence d\u2019agir.<\/p>\n<p>\u00ab La question des migrants disparus reste une priorit\u00e9 absolue pour le gouvernement gambien \u00bb, a affirm\u00e9 l\u2019honorable Sering Modou Njie, ministre des Affaires \u00e9trang\u00e8res, de la Coop\u00e9ration internationale et des Gambiens de l\u2019\u00e9tranger. \u00ab Notre objectif est d\u2019\u00e9viter les morts tragiques et la disparition de migrants, tout en veillant \u00e0 ce que les familles obtiennent les r\u00e9ponses auxquelles elles ont droit pour faire leur deuil. Ce projet intervient au bon moment, car nous venons de lancer notre Force nationale pour les migrants disparus et nous renfor\u00e7ons la coordination avec les pays voisins pour mieux r\u00e9pondre \u00e0 ce d\u00e9fi commun. \u00bb<\/p>\n<p>Dans le cadre de cette initiative, la Gambie et la Mauritanie mettront en place des syst\u00e8mes coordonn\u00e9s pour enqu\u00eater sur les cas de migrants disparus, pour identifier les personnes d\u00e9c\u00e9d\u00e9es et pour fournir aux familles les r\u00e9ponses qu\u2019elles m\u00e9ritent. Des formations sur mesure et un accompagnement technique renforceront les capacit\u00e9s institutionnelles et la coop\u00e9ration transfrontali\u00e8re, permettant aux pays de localiser les disparus, d\u2019identifier les d\u00e9pouilles et, au final, d\u2019\u00e9viter que ces trag\u00e9dies ne tombent dans l\u2019oubli.<\/p>\n<p>\u00ab La route maritime atlantique de l\u2019Afrique de l\u2019Ouest continue de provoquer des trag\u00e9dies humaines \u00bb, a d\u00e9clar\u00e9 Fatma Mohamed Salem, Directrice des fronti\u00e8res, de la migration et des affaires fonci\u00e8res au Minist\u00e8re de l\u2019Int\u00e9rieur et de la Promotion de la D\u00e9centralisation et du D\u00e9veloppement local de Mauritanie. \u00ab Gr\u00e2ce \u00e0 ce projet, nous esp\u00e9rons rendre visibles les vies perdues, aider les familles dans leur qu\u00eate de r\u00e9ponses et renforcer la pr\u00e9vention. \u00bb<\/p>\n<p>La question des d\u00e9c\u00e8s et des disparitions de migrants demeure une priorit\u00e9 humanitaire essentielle. Renforcer les syst\u00e8mes nationaux pour g\u00e9rer la migration de mani\u00e8re s\u00fbre et efficace contribue \u00e0 r\u00e9duire les risques et \u00e0 garantir que la migration soit encadr\u00e9e de fa\u00e7on humaine et digne. Le d\u00e9veloppement d\u2019outils institutionnels, de partenariats et de capacit\u00e9s techniques permet aux gouvernements de remplir leurs obligations, de renforcer les m\u00e9canismes de protection et de promouvoir la stabilit\u00e9 pour les familles et les communaut\u00e9s de la r\u00e9gion.<\/p>\n<p>L\u2019OIM mettra en \u0153uvre ce projet en coordination avec les initiatives du Comit\u00e9 international de la Croix-Rouge (CICR), de l\u2019\u00e9quipe argentine d\u2019anthropologie m\u00e9dico-l\u00e9gale et des antennes nationales de la Croix-Rouge et du Croissant-Rouge, dans des domaines tels que l\u2019identification m\u00e9dico-l\u00e9gale, la recherche des familles et l\u2019aide psychosociale.<\/p>\n<p>Cette initiative s\u2019inscrit dans les missions de l\u2019OIM, qui cherche \u00e0 aller au-del\u00e0 des donn\u00e9es sur les migrants disparus en passant \u00e0 des actions concr\u00e8tes, afin de donner des r\u00e9ponses aux familles et de les aider, tout en accompagnant les \u00c9tats membres \u00e0 traiter ce d\u00e9fi urgent.<\/p>\n<p>Le projet est rendu possible gr\u00e2ce au soutien financier du D\u00e9partement f\u00e9d\u00e9ral des affaires \u00e9trang\u00e8res de la Suisse (DFAE).<br \/>\nSource https:\/\/reliefweb.int\/report\/gambia\/loim-lance-une-nouvelle-initiative-en-afrique-de-louest-pour-retrouver-les-migrants-disparus-en-mer<\/p>\n<p>Photo Google<\/p>\n","protected":false},"excerpt":{"rendered":"<p>L\u2019Organisation internationale pour les migrations (OIM) a lanc\u00e9 une initiative de renforcement des capacit\u00e9s nationales avec les gouvernements de la Gambie et de la Mauritanie afin d\u2019aider ces pays \u00e0 retrouver les migrants disparus et d\u00e9c\u00e9d\u00e9s le long des routes reliant l\u2019Afrique et l\u2019Europe. Cette initiative \u2014 la premi\u00e8re du genre en Afrique de l\u2019Ouest &hellip;<\/p>\n","protected":false},"author":2,"featured_media":10118,"comment_status":"open","ping_status":"open","sticky":false,"template":"","format":"standard","meta":{"footnotes":""},"categories":[18,29],"tags":[],"class_list":["post-19042","post","type-post","status-publish","format-standard","has-post-thumbnail","hentry","category-actualites","category-monde"],"_links":{"self":[{"href":"https:\/\/ladepeche.mr\/index.php?rest_route=\/wp\/v2\/posts\/19042","targetHints":{"allow":["GET"]}}],"collection":[{"href":"https:\/\/ladepeche.mr\/index.php?rest_route=\/wp\/v2\/posts"}],"about":[{"href":"https:\/\/ladepeche.mr\/index.php?rest_route=\/wp\/v2\/types\/post"}],"author":[{"embeddable":true,"href":"https:\/\/ladepeche.mr\/index.php?rest_route=\/wp\/v2\/users\/2"}],"replies":[{"embeddable":true,"href":"https:\/\/ladepeche.mr\/index.php?rest_route=%2Fwp%2Fv2%2Fcomments&post=19042"}],"version-history":[{"count":1,"href":"https:\/\/ladepeche.mr\/index.php?rest_route=\/wp\/v2\/posts\/19042\/revisions"}],"predecessor-version":[{"id":19043,"href":"https:\/\/ladepeche.mr\/index.php?rest_route=\/wp\/v2\/posts\/19042\/revisions\/19043"}],"wp:featuredmedia":[{"embeddable":true,"href":"https:\/\/ladepeche.mr\/index.php?rest_route=\/wp\/v2\/media\/10118"}],"wp:attachment":[{"href":"https:\/\/ladepeche.mr\/index.php?rest_route=%2Fwp%2Fv2%2Fmedia&parent=19042"}],"wp:term":[{"taxonomy":"category","embeddable":true,"href":"https:\/\/ladepeche.mr\/index.php?rest_route=%2Fwp%2Fv2%2Fcategories&post=19042"},{"taxonomy":"post_tag","embeddable":true,"href":"https:\/\/ladepeche.mr\/index.php?rest_route=%2Fwp%2Fv2%2Ftags&post=19042"}],"curies":[{"name":"wp","href":"https:\/\/api.w.org\/{rel}","templated":true}]}}