{"id":19047,"date":"2025-11-05T13:30:16","date_gmt":"2025-11-05T13:30:16","guid":{"rendered":"https:\/\/ladepeche.mr\/?p=19047"},"modified":"2025-11-05T13:08:20","modified_gmt":"2025-11-05T13:08:20","slug":"soudan-medecins-sans-frontieres-appelle-les-fsr-a-laisser-les-civils-fuir-el-fasher","status":"publish","type":"post","link":"https:\/\/ladepeche.mr\/?p=19047","title":{"rendered":"Soudan : M\u00e9decins Sans Fronti\u00e8res appelle les FSR \u00e0 laisser les civils fuir El-Fasher"},"content":{"rendered":"<p>\u2026Et demande que des mesures soient prises pour mettre fin \u00e0 ce qu\u2019elle qualifie de \u00ab\u202fbain de sang\u202f\u00bb.<\/p>\n<p>L\u2019organisation M\u00e9decins Sans Fronti\u00e8res (MSF) a appel\u00e9 dimanche les Forces de soutien rapide (FSR) et les groupes arm\u00e9s alli\u00e9s \u00e0 permettre imm\u00e9diatement aux civils de quitter la ville d\u2019El-Fasher, au Soudan, alors que la situation dans la capitale du Darfour-Nord se d\u00e9t\u00e9riore et que les abus contre la population augmentent.<\/p>\n<p>\u00ab\u202fNous appelons d\u2019urgence les FSR et les groupes arm\u00e9s alli\u00e9s \u00e0 \u00e9pargner les civils et \u00e0 les laisser fuir El-Fasher\u202f\u00bb, a d\u00e9clar\u00e9 Michel Olivier Lacharite, responsable des urgences \u00e0 MSF, dans un communiqu\u00e9 publi\u00e9 par l\u2019organisation sur la plateforme sociale de la soci\u00e9t\u00e9 X, bas\u00e9e aux \u00c9tats-Unis.<\/p>\n<p>Il a \u00e9galement exhort\u00e9 les membres du \u00ab\u202fquad\u202f\u00bb \u2013 les \u00c9tats-Unis, l\u2019Arabie saoudite, les \u00c9mirats arabes unis et l\u2019\u00c9gypte \u2013 \u00e0 utiliser leur influence \u00ab\u202fpour mettre fin au bain de sang\u202f\u00bb dans la ville.<\/p>\n<p>Le groupe a indiqu\u00e9 suivre de pr\u00e8s la situation et a averti que la communaut\u00e9 internationale \u00ab\u202fne peut pas d\u00e9tourner le regard\u202f\u00bb alors que la crise humanitaire s\u2019aggrave \u00e0 El-Fasher.<\/p>\n<p>Le 26 octobre, les FSR ont pris le contr\u00f4le de la ville d\u2019El-Fasher dans l\u2019\u00c9tat du Darfour-Nord et ont commis des massacres contre des civils, selon des organisations locales et internationales, alors que des avertissements \u00e9taient \u00e9mis sur le risque que l\u2019assaut renforce la partition g\u00e9ographique du Soudan.<\/p>\n<p>Depuis le 15 avril 2023, l\u2019arm\u00e9e soudanaise et les FSR sont engag\u00e9es dans un conflit que les m\u00e9diations r\u00e9gionales et internationales n\u2019ont pas r\u00e9ussi \u00e0 arr\u00eater. Selon l\u2019ONU et des sources locales, ce conflit a fait 20 000 morts et d\u00e9plac\u00e9 plus de 15 millions de personnes, r\u00e9fugi\u00e9s et d\u00e9plac\u00e9s internes confondus.<br \/>\naa.com.tr<\/p>\n","protected":false},"excerpt":{"rendered":"<p>\u2026Et demande que des mesures soient prises pour mettre fin \u00e0 ce qu\u2019elle qualifie de \u00ab\u202fbain de sang\u202f\u00bb. L\u2019organisation M\u00e9decins Sans Fronti\u00e8res (MSF) a appel\u00e9 dimanche les Forces de soutien rapide (FSR) et les groupes arm\u00e9s alli\u00e9s \u00e0 permettre imm\u00e9diatement aux civils de quitter la ville d\u2019El-Fasher, au Soudan, alors que la situation dans la &hellip;<\/p>\n","protected":false},"author":2,"featured_media":19048,"comment_status":"open","ping_status":"open","sticky":false,"template":"","format":"standard","meta":{"footnotes":""},"categories":[18,29],"tags":[],"class_list":["post-19047","post","type-post","status-publish","format-standard","has-post-thumbnail","hentry","category-actualites","category-monde"],"_links":{"self":[{"href":"https:\/\/ladepeche.mr\/index.php?rest_route=\/wp\/v2\/posts\/19047","targetHints":{"allow":["GET"]}}],"collection":[{"href":"https:\/\/ladepeche.mr\/index.php?rest_route=\/wp\/v2\/posts"}],"about":[{"href":"https:\/\/ladepeche.mr\/index.php?rest_route=\/wp\/v2\/types\/post"}],"author":[{"embeddable":true,"href":"https:\/\/ladepeche.mr\/index.php?rest_route=\/wp\/v2\/users\/2"}],"replies":[{"embeddable":true,"href":"https:\/\/ladepeche.mr\/index.php?rest_route=%2Fwp%2Fv2%2Fcomments&post=19047"}],"version-history":[{"count":1,"href":"https:\/\/ladepeche.mr\/index.php?rest_route=\/wp\/v2\/posts\/19047\/revisions"}],"predecessor-version":[{"id":19049,"href":"https:\/\/ladepeche.mr\/index.php?rest_route=\/wp\/v2\/posts\/19047\/revisions\/19049"}],"wp:featuredmedia":[{"embeddable":true,"href":"https:\/\/ladepeche.mr\/index.php?rest_route=\/wp\/v2\/media\/19048"}],"wp:attachment":[{"href":"https:\/\/ladepeche.mr\/index.php?rest_route=%2Fwp%2Fv2%2Fmedia&parent=19047"}],"wp:term":[{"taxonomy":"category","embeddable":true,"href":"https:\/\/ladepeche.mr\/index.php?rest_route=%2Fwp%2Fv2%2Fcategories&post=19047"},{"taxonomy":"post_tag","embeddable":true,"href":"https:\/\/ladepeche.mr\/index.php?rest_route=%2Fwp%2Fv2%2Ftags&post=19047"}],"curies":[{"name":"wp","href":"https:\/\/api.w.org\/{rel}","templated":true}]}}