{"id":19050,"date":"2025-11-05T13:57:04","date_gmt":"2025-11-05T13:57:04","guid":{"rendered":"https:\/\/ladepeche.mr\/?p=19050"},"modified":"2025-11-05T15:00:21","modified_gmt":"2025-11-05T15:00:21","slug":"visite-du-president-ghazouani-au-hodh-charghi-une-enveloppe-de-27-milliards-douguiyas-pour-repondre-aux-urgences-locales","status":"publish","type":"post","link":"https:\/\/ladepeche.mr\/?p=19050","title":{"rendered":"Visite du pr\u00e9sident Ghazouani au Hodh Charghi : une enveloppe de 27 milliards d\u2019ouguiyas pour r\u00e9pondre aux urgences locales dans 11 r\u00e9gions"},"content":{"rendered":"<p>Le pr\u00e9sident de la R\u00e9publique, Mohamed Ould Cheikh El Ghazouani, entamera incessamment une visite de travail et d\u2019information dans la wilaya du Hodh Charghi pour s\u2019informer de pr\u00e8s des nombreux d\u00e9fis qui assaillent la r\u00e9gion.<br \/>\nPour cette visite qui se pr\u00e9pare d\u2019arrache-pied le gouvernement a d\u00e9j\u00e0 annonc\u00e9 la mobilisation de 27 milliards d\u2019ouguiyas pour financer un programme d\u2019urgence sp\u00e9cifique pour cette r\u00e9gion agropastorale sur l\u2019ensemble des 11 r\u00e9gions concern\u00e9es par le programme.<\/p>\n<p><strong>Une r\u00e9gion \u00e0 la crois\u00e9e des d\u00e9fis s\u00e9curitaires, sanitaires et pastoraux<\/strong><\/p>\n<p>La tourn\u00e9e pr\u00e9sidentielle qui devrait durer trois jours au moins dans le plus grand r\u00e9servoir \u00e9lectoral du pays intervient aussi dans un contexte marqu\u00e9 par de nombreux d\u00e9fis auxquels fait face cette r\u00e9gion strat\u00e9gique de l\u2019Est du pays d\u00e9j\u00e0 fortement impact\u00e9e par la crise s\u00e9curitaire au Mali voisin et au d\u00e9ferlement de plus de 300.000 r\u00e9fugi\u00e9s touaregs, install\u00e9s dans le camp et les environs de Mberra.<\/p>\n<p>Le Hodh Charghi, vaste r\u00e9gion frontali\u00e8re du Mali, occupe une position cl\u00e9 sur le plan s\u00e9curitaire et pastoral. Les populations y sont confront\u00e9es \u00e0 une s\u00e9rie de difficult\u00e9s li\u00e9es \u00e0 la s\u00e9curit\u00e9 aux fronti\u00e8res, \u00e0 la d\u00e9gradation des conditions de vie pastorales et \u00e0 la pr\u00e9carit\u00e9 des infrastructures sanitaires et \u00e9ducatives.\u2028Les effets du changement climatique, la pression sur les ressources hydriques, la baisse de productivit\u00e9 du cheptel et les mouvements de population accentuent les vuln\u00e9rabilit\u00e9s locales.<br \/>\nFace \u00e0 cette situation, la visite du pr\u00e9sident vise \u00e0 cerner les pr\u00e9occupations des citoyens, \u00e0 assumer le r\u00f4le r\u00e9galien de l\u2019\u00c9tat dans la r\u00e9gion, et \u00e0 lancer un ensemble d\u2019initiatives concr\u00e8tes destin\u00e9es \u00e0 am\u00e9liorer le quotidien des habitants.<\/p>\n<p><strong>Un programme d\u2019urgence de 27 milliards d\u2019ouguiyas sur 30 mois<\/strong><\/p>\n<p>Le programme de d\u00e9veloppement d\u2019urgence annonc\u00e9 par le gouvernement couvre une p\u00e9riode de 30 mois et s\u2019\u00e9tend \u00e0 onze wilayas du pays, dont le Hodh Charghi constitue une priorit\u00e9. Il vise \u00e0 rattraper le retard en investissements pour cette r\u00e9gion. Il pr\u00e9voit notamment la construction et la r\u00e9habilitation d\u2019infrastructures routi\u00e8res pour d\u00e9senclaver les zones rurales et renforcer les \u00e9changes \u00e9conomiques ; le d\u00e9veloppement des infrastructures sanitaires, avec la cr\u00e9ation et l\u2019\u00e9quipement de centres de sant\u00e9 de proximit\u00e9 ; la r\u00e9habilitation et l\u2019extension des \u00e9tablissements scolaires, afin d\u2019am\u00e9liorer l\u2019acc\u00e8s \u00e0 l\u2019\u00e9ducation dans les zones recul\u00e9es ; le renforcement de l\u2019acc\u00e8s \u00e0 l\u2019eau potable et \u00e0 l\u2019\u00e9lectricit\u00e9, en particulier dans les communes rurales les plus d\u00e9favoris\u00e9es..,<br \/>\nCe plan cible la r\u00e9duction des disparit\u00e9s r\u00e9gionales et la promotion d\u2019un d\u00e9veloppement \u00e9quilibr\u00e9 \u00e0 l\u2019\u00e9chelle nationale, conform\u00e9ment \u00e0 la vision du pr\u00e9sident Ghazouani qui souhaiterait en sus d\u2019un d\u00e9veloppement harmonieux le voir plus inclusive et solidaire.<\/p>\n<p><strong>Rencontres avec les \u00e9lus et les populations<\/strong><\/p>\n<p>Durant sa tourn\u00e9e, le pr\u00e9sident de la R\u00e9publique rencontrera les \u00e9lus locaux, les notables et les repr\u00e9sentants de la soci\u00e9t\u00e9 civile afin de recueillir leurs attentes et leurs suggestions pour les questions lancinantes.\u2028Cette approche participative, ax\u00e9e sur la concertation, traduit la volont\u00e9 du chef de l\u2019\u00c9tat de favoriser un d\u00e9veloppement ancr\u00e9 dans les r\u00e9alit\u00e9s locales et soutenu par les acteurs de terrain.<br \/>\nLa visite du pr\u00e9sident Ghazouani dans le Hodh Charghi s\u2019inscrit dans une dynamique plus large de renforcement de la coh\u00e9sion nationale et de proximit\u00e9 entre l\u2019administration centrale et les citoyens.\u2028Elle t\u00e9moigne d\u2019un engagement politique et social clair : celui de ne laisser aucune r\u00e9gion \u00e0 la marge du d\u00e9veloppement et d\u2019assurer \u00e0 chaque Mauritanien l\u2019acc\u00e8s aux services essentiels.<br \/>\n\u00c0 travers ce programme d\u2019urgence dot\u00e9 de 27 milliards d\u2019ouguiyas, le gouvernement mauritanien affiche une ambition claire : r\u00e9pondre rapidement aux urgences sociales, stimuler le d\u00e9veloppement local et restaurer la confiance des populations dans l\u2019action publique.\u2028La r\u00e9ussite de cette initiative d\u00e9pendra toutefois de la bonne coordination des interventions, du suivi rigoureux des chantiers, et de l\u2019implication active des communaut\u00e9s locales dans la mise en \u0153uvre des projets. Un combat que semble mener, sans \u00e9tat d\u2019\u00e2me, l\u2019actuel premier Ministre, Mokhtar Ould Djaye.<\/p>\n<p>Jedna Deida<\/p>\n","protected":false},"excerpt":{"rendered":"<p>Le pr\u00e9sident de la R\u00e9publique, Mohamed Ould Cheikh El Ghazouani, entamera incessamment une visite de travail et d\u2019information dans la wilaya du Hodh Charghi pour s\u2019informer de pr\u00e8s des nombreux d\u00e9fis qui assaillent la r\u00e9gion. Pour cette visite qui se pr\u00e9pare d\u2019arrache-pied le gouvernement a d\u00e9j\u00e0 annonc\u00e9 la mobilisation de 27 milliards d\u2019ouguiyas pour financer &hellip;<\/p>\n","protected":false},"author":2,"featured_media":15792,"comment_status":"open","ping_status":"open","sticky":false,"template":"","format":"standard","meta":{"footnotes":""},"categories":[18,2,31],"tags":[],"class_list":["post-19050","post","type-post","status-publish","format-standard","has-post-thumbnail","hentry","category-actualites","category-economie","category-politique-et-reportages"],"_links":{"self":[{"href":"https:\/\/ladepeche.mr\/index.php?rest_route=\/wp\/v2\/posts\/19050","targetHints":{"allow":["GET"]}}],"collection":[{"href":"https:\/\/ladepeche.mr\/index.php?rest_route=\/wp\/v2\/posts"}],"about":[{"href":"https:\/\/ladepeche.mr\/index.php?rest_route=\/wp\/v2\/types\/post"}],"author":[{"embeddable":true,"href":"https:\/\/ladepeche.mr\/index.php?rest_route=\/wp\/v2\/users\/2"}],"replies":[{"embeddable":true,"href":"https:\/\/ladepeche.mr\/index.php?rest_route=%2Fwp%2Fv2%2Fcomments&post=19050"}],"version-history":[{"count":6,"href":"https:\/\/ladepeche.mr\/index.php?rest_route=\/wp\/v2\/posts\/19050\/revisions"}],"predecessor-version":[{"id":19058,"href":"https:\/\/ladepeche.mr\/index.php?rest_route=\/wp\/v2\/posts\/19050\/revisions\/19058"}],"wp:featuredmedia":[{"embeddable":true,"href":"https:\/\/ladepeche.mr\/index.php?rest_route=\/wp\/v2\/media\/15792"}],"wp:attachment":[{"href":"https:\/\/ladepeche.mr\/index.php?rest_route=%2Fwp%2Fv2%2Fmedia&parent=19050"}],"wp:term":[{"taxonomy":"category","embeddable":true,"href":"https:\/\/ladepeche.mr\/index.php?rest_route=%2Fwp%2Fv2%2Fcategories&post=19050"},{"taxonomy":"post_tag","embeddable":true,"href":"https:\/\/ladepeche.mr\/index.php?rest_route=%2Fwp%2Fv2%2Ftags&post=19050"}],"curies":[{"name":"wp","href":"https:\/\/api.w.org\/{rel}","templated":true}]}}